{"key":"covid","local":"licitacao","limite":16,"itens":{"licitacao":{"itens":[{"id":461,"titulo":"DISPENSA 18\/2021 EQUIPE DE APOIO SINDETAS - FMS","numero":"18\/2021","publicacao":"2021-05-03 00:00:00","abertura":"2021-04-20 00:00:00","valor":"52.000,00","objeto":"Contrata\u00e7\u00e3o de empresa na Presta\u00e7\u00e3o de Servi\u00e7os com m\u00e3o de obra de Apoio uniformizada para a Organiza\u00e7\u00e3o e Apoio Log\u00edstico na Execu\u00e7\u00e3o das medidas preventivas no combate ao Covid-19 nos mercados municipais nas realiza\u00e7\u00f5es das feiras do munic\u00edpio de Malhador\/SE, tendo em vista medida de emerg\u00eancia de Sa\u00fade P\u00fablica para enfrentamento da pandemia do novo coronavirus (Covid-19)","orgao_id":2,"categoria_id":6,"tags":"DISPENSA 18\/2021","slug":"dispensa-18-2021-equipe-de-apoio-sindetas-fms","criado":"2021-06-21 08:47:31","alterado":"2021-06-21 08:47:31"},{"id":441,"titulo":"DISPENSA 15\/2021 SPORTO ESTRUTUAS E EVENTOS LTDA - FMS","numero":"15\/2021","valor":"230.880,00","objeto":"Contrata\u00e7\u00e3o de empresa para loca\u00e7\u00e3o de estrutura atinente a instala\u00e7\u00e3o do Centro de Atendimento adequado para pessoas com S\u00edndrome Gripal e Sintomas da COVID-19 no munic\u00edpio de Malhador\/SE","orgao_id":2,"categoria_id":6,"tags":"DISPENSA 152021","slug":"dispensa-15-2021-sporto-estrutuas-e-eventos-ltda-fms","criado":"2021-04-29 12:41:55","alterado":"2021-04-29 12:41:55"},{"id":435,"titulo":"DISPENSA 12\/2021 EQUIPE DE APOIO SINDETAS - FMS","numero":"12\/2021","valor":"16.900,00","objeto":"EQUIPE DE APOIO SINDETAS LTDA - Contrata\u00e7\u00e3o de empresa para a presta\u00e7\u00e3o de servi\u00e7os com m\u00e3o de obra de apoio uniformizado para apoio log\u00edstico na execu\u00e7\u00e3o das medidas preventivas no Combate ao COVID-19, nos mercados municipais no per\u00edodo de 04 dias m\u00eas de mar\u00e7o e 04 dias m\u00eas Abril, totalizando 08 dias, para atender as necessidades da Secretaria municipal de Sa\u00fade","orgao_id":2,"categoria_id":6,"tags":"DISPENSA 12\/2021","slug":"dispensa-12-2021-equipe-de-apoio-sindetas-fms","criado":"2021-04-16 08:11:03","alterado":"2021-04-16 08:11:03"},{"id":362,"titulo":"Contrata\u00e7\u00e3o de empresa para loca\u00e7\u00e3o de estrutura atinente a instala\u00e7\u00e3o do Centro de Atendimento Adequado para as pessoas com S\u00edndrome Gripal e Sintomas da COVID-19 no Munic\u00edpio de Malhador\/Se, tendo em vista medida de emerg\u00eancia de sa\u00fade p\u00fablica para","numero":"24037\/2020","publicacao":"2020-10-15 08:18:56","objeto":"Contrata\u00e7\u00e3o de empresa para loca\u00e7\u00e3o de estrutura atinente a instala\u00e7\u00e3o do Centro de Atendimento Adequado para as pessoas com S\u00edndrome Gripal e Sintomas da COVID-19 no Munic\u00edpio de Malhador\/Se, tendo em vista medida de emerg\u00eancia de sa\u00fade p\u00fablica para","orgao_id":1,"categoria_id":6,"slug":"contratacao-de-empresa-para-locacao-de-estrutura-atinente-a-instalacao-do-centro-de-atendimento-adequado-para-as-pessoas-com-sindrome-gripal-e-sintomas-da-covid-19-no-municipio-de-malhador-se-tendo-em-vista-medida-de-emergencia-de-saude-publica-para","criado":"2021-05-26 11:55:23","alterado":"2021-05-26 11:55:23"},{"id":360,"titulo":"Aquisi\u00e7\u00e3o de barreiras acr\u00edlicas e totens de \u00e1lcool em gel personalizados tendo em vista medida de emerg\u00eancia de sa\u00fade p\u00fablica para o enfrentamento da pandemia do novo coronav\u00edrus (covid- 19) divulgadas pelo Minist\u00e9rio da Sa\u00fade e em conformidade com","numero":"23347\/2020","publicacao":"2020-09-25 10:21:58","objeto":"Aquisi\u00e7\u00e3o de barreiras acr\u00edlicas e totens de \u00e1lcool em gel personalizados tendo em vista medida de emerg\u00eancia de sa\u00fade p\u00fablica para o enfrentamento da pandemia do novo coronav\u00edrus (covid- 19) divulgadas pelo Minist\u00e9rio da Sa\u00fade e em conformidade com","orgao_id":1,"categoria_id":6,"slug":"aquisicao-de-barreiras-acrilicas-e-totens-de-alcool-em-gel-personalizados-tendo-em-vista-medida-de-emergencia-de-saude-publica-para-o-enfrentamento-da-pandemia-do-novo-coronavirus-covid-19-divulgadas-pelo-ministerio-da-saude-e-em-conformidade-com","criado":"2021-05-26 11:55:23","alterado":"2021-05-26 11:55:23"},{"id":359,"titulo":"Aquisi\u00e7\u00e3o de EPI\u2019S para os trabalhadores do SUAS , como forma de minimizar o contagio familiar, tendo em vista medida de emerg\u00eancia de sa\u00fade p\u00fablica para o enfrentamento da pandemia do novo coronav\u00edrus (covid- 19) divulgadas pelo Minist\u00e9rio da Sa\u00fade ","numero":"23161\/2020","publicacao":"2020-09-23 12:32:43","objeto":"Aquisi\u00e7\u00e3o de EPI\u2019S para os trabalhadores do SUAS , como forma de minimizar o contagio familiar, tendo em vista medida de emerg\u00eancia de sa\u00fade p\u00fablica para o enfrentamento da pandemia do novo coronav\u00edrus (covid- 19) divulgadas pelo Minist\u00e9rio da Sa\u00fade ","orgao_id":1,"categoria_id":6,"slug":"aquisicao-de-epi-s-para-os-trabalhadores-do-suas-como-forma-de-minimizar-o-contagio-familiar-tendo-em-vista-medida-de-emergencia-de-saude-publica-para-o-enfrentamento-da-pandemia-do-novo-coronavirus-covid-19-divulgadas-pelo-ministerio-da-saude","criado":"2021-05-26 11:55:23","alterado":"2021-05-26 11:55:23"},{"id":358,"titulo":"Aquisi\u00e7\u00e3o de barreiras acr\u00edlicas para os trabalhadores do SUAS que ser\u00e3o alocadas em todas as unidades da Assist\u00eancia Social tendo em vista medida de emerg\u00eancia de sa\u00fade p\u00fablica para o enfrentamento da pandemia do novo coronav\u00edrus (covid- 19) divulga","numero":"23138\/2020","publicacao":"2020-09-23 11:10:42","objeto":"Aquisi\u00e7\u00e3o de barreiras acr\u00edlicas para os trabalhadores do SUAS que ser\u00e3o alocadas em todas as unidades da Assist\u00eancia Social tendo em vista medida de emerg\u00eancia de sa\u00fade p\u00fablica para o enfrentamento da pandemia do novo coronav\u00edrus (covid- 19) divulga","orgao_id":1,"categoria_id":6,"slug":"aquisicao-de-barreiras-acrilicas-para-os-trabalhadores-do-suas-que-serao-alocadas-em-todas-as-unidades-da-assistencia-social-tendo-em-vista-medida-de-emergencia-de-saude-publica-para-o-enfrentamento-da-pandemia-do-novo-coronavirus-covid-19-divulga","criado":"2021-05-26 11:55:23","alterado":"2021-05-26 11:55:23"},{"id":351,"titulo":"REGISTRO DE PRE\u00c7OS PARA FUTURA E EVENTUAL AQUISI\u00c7\u00c3O DE MATERIAIS DE PROTE\u00c7\u00c3O INDIVIDUAL (EPI\u2019s), PARA ATENDER A DEMANDA DO FUNDO MUNICIPAL DE SA\u00daDE DO MUNIC\u00cdPIO DE MALHADOR\/SE NO APOIO AO COVID 19,","numero":"22914\/2020","publicacao":"2020-09-17 11:48:50","objeto":"REGISTRO DE PRE\u00c7OS PARA FUTURA E EVENTUAL AQUISI\u00c7\u00c3O DE MATERIAIS DE PROTE\u00c7\u00c3O INDIVIDUAL (EPI\u2019s), PARA ATENDER A DEMANDA DO FUNDO MUNICIPAL DE SA\u00daDE DO MUNIC\u00cdPIO DE MALHADOR\/SE NO APOIO AO COVID 19,","orgao_id":1,"categoria_id":16,"slug":"registro-de-precos-para-futura-e-eventual-aquisicao-de-materiais-de-protecao-individual-epi-s-para-atender-a-demanda-do-fundo-municipal-de-saude-do-municipio-de-malhador-se-no-apoio-ao-covid-19","criado":"2021-05-26 11:55:22","alterado":"2021-05-26 11:55:22"},{"id":347,"titulo":"Contrata\u00e7\u00e3o de empresa para  aquisi\u00e7\u00e3o de 200 testes para  COVID-19 IGG\/IGM para testagem da popula\u00e7\u00e3o do Munic\u00edpio de Malhador\/Se,tendo em vista medida de emerg\u00eancia de sa\u00fade p\u00fablica para o enfrentamento da pandemia do novo coronav\u00edrus (covid- 19) d","numero":"22527\/2020","publicacao":"2020-09-09 07:47:00","objeto":"Contrata\u00e7\u00e3o de empresa para  aquisi\u00e7\u00e3o de 200 testes para  COVID-19 IGG\/IGM para testagem da popula\u00e7\u00e3o do Munic\u00edpio de Malhador\/Se,tendo em vista medida de emerg\u00eancia de sa\u00fade p\u00fablica para o enfrentamento da pandemia do novo coronav\u00edrus (covid- 19) d","orgao_id":1,"categoria_id":6,"slug":"contratacao-de-empresa-para-aquisicao-de-200-testes-para-covid-19-igg-igm-para-testagem-da-populacao-do-municipio-de-malhador-se-tendo-em-vista-medida-de-emergencia-de-saude-publica-para-o-enfrentamento-da-pandemia-do-novo-coronavirus-covid-19-d","criado":"2021-05-26 11:55:21","alterado":"2021-05-26 11:55:21"},{"id":345,"titulo":"Contrata\u00e7\u00e3o de empresa para  aquisi\u00e7\u00e3o de 900 (novecentos) camisas para campanha de combate ao COVID-19 que ser\u00e3o utilizadas pelos servidores nas a\u00e7\u00f5es de preven\u00e7\u00e3o como barreiras sanit\u00e1rias, fiscaliza\u00e7\u00f5es da vigil\u00e2ncia sanit\u00e1ria em com\u00e9rcios, feiras","numero":"22084\/2020","publicacao":"2020-09-01 08:55:45","objeto":"Contrata\u00e7\u00e3o de empresa para  aquisi\u00e7\u00e3o de 900 (novecentos) camisas para campanha de combate ao COVID-19 que ser\u00e3o utilizadas pelos servidores nas a\u00e7\u00f5es de preven\u00e7\u00e3o como barreiras sanit\u00e1rias, fiscaliza\u00e7\u00f5es da vigil\u00e2ncia sanit\u00e1ria em com\u00e9rcios, feiras","orgao_id":1,"categoria_id":6,"slug":"contratacao-de-empresa-para-aquisicao-de-900-novecentos-camisas-para-campanha-de-combate-ao-covid-19-que-serao-utilizadas-pelos-servidores-nas-acoes-de-prevencao-como-barreiras-sanitarias-fiscalizacoes-da-vigilancia-sanitaria-em-comercios-feiras","criado":"2021-05-26 11:55:21","alterado":"2021-05-26 11:55:21"},{"id":341,"titulo":"Contrata\u00e7\u00e3o de empresa para  aquisi\u00e7\u00e3o de EPI\u2019S,tendo em vista medida de emerg\u00eancia de sa\u00fade p\u00fablica para o enfrentamento da pandemia do novo coronav\u00edrus (covid- 19) divulgadas pelo Minist\u00e9rio da Sa\u00fade e em conformidade com a Lei Federal n\u00ba. 13.979\/2","numero":"20918\/2020","publicacao":"2020-08-21 08:46:24","objeto":"Contrata\u00e7\u00e3o de empresa para  aquisi\u00e7\u00e3o de EPI\u2019S,tendo em vista medida de emerg\u00eancia de sa\u00fade p\u00fablica para o enfrentamento da pandemia do novo coronav\u00edrus (covid- 19) divulgadas pelo Minist\u00e9rio da Sa\u00fade e em conformidade com a Lei Federal n\u00ba. 13.979\/2","orgao_id":1,"categoria_id":6,"slug":"contratacao-de-empresa-para-aquisicao-de-epi-s-tendo-em-vista-medida-de-emergencia-de-saude-publica-para-o-enfrentamento-da-pandemia-do-novo-coronavirus-covid-19-divulgadas-pelo-ministerio-da-saude-e-em-conformidade-com-a-lei-federal-no-13-979-2","criado":"2021-05-26 11:55:20","alterado":"2021-05-26 11:55:20"},{"id":340,"titulo":"Contrata\u00e7\u00e3o de empresa especializada em sanitiza\u00e7\u00e3o de ambientes p\u00fablicos e logradouros, com finalidade de intensificar as a\u00e7\u00f5es de preven\u00e7\u00e3o e combate ao COVID-19 no Munic\u00edpio, tendo em vista medida de emerg\u00eancia de sa\u00fade p\u00fablica para o enfrentament","numero":"20324\/2020","publicacao":"2020-08-14 09:15:15","objeto":"Contrata\u00e7\u00e3o de empresa especializada em sanitiza\u00e7\u00e3o de ambientes p\u00fablicos e logradouros, com finalidade de intensificar as a\u00e7\u00f5es de preven\u00e7\u00e3o e combate ao COVID-19 no Munic\u00edpio, tendo em vista medida de emerg\u00eancia de sa\u00fade p\u00fablica para o enfrentament","orgao_id":1,"categoria_id":6,"slug":"contratacao-de-empresa-especializada-em-sanitizacao-de-ambientes-publicos-e-logradouros-com-finalidade-de-intensificar-as-acoes-de-prevencao-e-combate-ao-covid-19-no-municipio-tendo-em-vista-medida-de-emergencia-de-saude-publica-para-o-enfrentament","criado":"2021-05-26 11:55:20","alterado":"2021-05-26 11:55:20"},{"id":335,"titulo":"Contrata\u00e7\u00e3o de empresa para aquisi\u00e7\u00e3o de EPI\u2019S para atender as necessidades do Fundo Municipal de Sa\u00fade ,tendo em vista medida de emerg\u00eancia de sa\u00fade p\u00fablica para o enfrentamento da pandemia do novo coronav\u00edrus (covid- 19) divulgadas pelo Minist\u00e9rio ","numero":"20214\/2020","publicacao":"2020-08-12 08:54:51","objeto":"Contrata\u00e7\u00e3o de empresa para aquisi\u00e7\u00e3o de EPI\u2019S para atender as necessidades do Fundo Municipal de Sa\u00fade ,tendo em vista medida de emerg\u00eancia de sa\u00fade p\u00fablica para o enfrentamento da pandemia do novo coronav\u00edrus (covid- 19) divulgadas pelo Minist\u00e9rio ","orgao_id":1,"categoria_id":6,"slug":"contratacao-de-empresa-para-aquisicao-de-epi-s-para-atender-as-necessidades-do-fundo-municipal-de-saude-tendo-em-vista-medida-de-emergencia-de-saude-publica-para-o-enfrentamento-da-pandemia-do-novo-coronavirus-covid-19-divulgadas-pelo-ministerio","criado":"2021-05-26 11:55:20","alterado":"2021-05-26 11:55:20"},{"id":331,"titulo":"Contrata\u00e7\u00e3o de empresa para  aquisi\u00e7\u00e3o de 200 testes para  COVID-19 IGG\/IGM por fluoresc\u00eancia direta semi quantitativa para leitura em analisador ichroma II, tendo em vista o termo de coopera\u00e7\u00e3o com a Universidade Federal de Sergipe, na realiza\u00e7\u00e3o de","numero":"19167\/2020","publicacao":"2020-07-27 10:19:53","objeto":"Contrata\u00e7\u00e3o de empresa para  aquisi\u00e7\u00e3o de 200 testes para  COVID-19 IGG\/IGM por fluoresc\u00eancia direta semi quantitativa para leitura em analisador ichroma II, tendo em vista o termo de coopera\u00e7\u00e3o com a Universidade Federal de Sergipe, na realiza\u00e7\u00e3o de","orgao_id":1,"categoria_id":6,"slug":"contratacao-de-empresa-para-aquisicao-de-200-testes-para-covid-19-igg-igm-por-fluorescencia-direta-semi-quantitativa-para-leitura-em-analisador-ichroma-ii-tendo-em-vista-o-termo-de-cooperacao-com-a-universidade-federal-de-sergipe-na-realizacao-de","criado":"2021-05-26 11:55:19","alterado":"2021-05-26 11:55:19"},{"id":327,"titulo":"Contrata\u00e7\u00e3o de empresa para aquisi\u00e7\u00e3o de 300 Jalecos para serem distribu\u00eddos com os feirantes do Munic\u00edpio de Malhador\/Se, que vendem suas mercadorias nas segundas feiras como forma preventiva ao cont\u00e1gio e a propaga\u00e7\u00e3o do COVID-19","numero":"19009\/2020","publicacao":"2020-07-22 08:32:11","objeto":"Contrata\u00e7\u00e3o de empresa para aquisi\u00e7\u00e3o de 300 Jalecos para serem distribu\u00eddos com os feirantes do Munic\u00edpio de Malhador\/Se, que vendem suas mercadorias nas segundas feiras como forma preventiva ao cont\u00e1gio e a propaga\u00e7\u00e3o do COVID-19","orgao_id":1,"categoria_id":6,"slug":"contratacao-de-empresa-para-aquisicao-de-300-jalecos-para-serem-distribuidos-com-os-feirantes-do-municipio-de-malhador-se-que-vendem-suas-mercadorias-nas-segundas-feiras-como-forma-preventiva-ao-contagio-e-a-propagacao-do-covid-19","criado":"2021-05-26 11:55:19","alterado":"2021-05-26 11:55:19"},{"id":326,"titulo":"Aquisi\u00e7\u00e3o de EPI\u2019S para os trabalhadores do SUAS , como forma de minimizar o contagio familiar, tendo em vista medida de emerg\u00eancia de sa\u00fade p\u00fablica para o enfrentamento da pandemia do novo coronav\u00edrus (covid- 19) divulgadas pelo Minist\u00e9rio da Sa\u00fade ","numero":"18900\/2020","publicacao":"2020-07-20 11:12:25","objeto":"Aquisi\u00e7\u00e3o de EPI\u2019S para os trabalhadores do SUAS , como forma de minimizar o contagio familiar, tendo em vista medida de emerg\u00eancia de sa\u00fade p\u00fablica para o enfrentamento da pandemia do novo coronav\u00edrus (covid- 19) divulgadas pelo Minist\u00e9rio da Sa\u00fade ","orgao_id":1,"categoria_id":6,"slug":"aquisicao-de-epi-s-para-os-trabalhadores-do-suas-como-forma-de-minimizar-o-contagio-familiar-tendo-em-vista-medida-de-emergencia-de-saude-publica-para-o-enfrentamento-da-pandemia-do-novo-coronavirus-covid-19-divulgadas-pelo-ministerio-da-saude","criado":"2021-05-26 11:55:19","alterado":"2021-05-26 11:55:19"}]}},"paginacao":{"atual":1,"proxima":2,"anterior":0,"total_registros":18,"total_paginas":2}}