{"item":{"id":307,"autor_id":"2","autor":{"id":2,"nome":"SECOM","email":"secom@malhador.se.govbr"},"titulo":"Quadra de Esportes Raimundo Rodrigues de Lima passa por grande reforma","slug":"quadra-de-esportes-raimundo-rodrigues-de-lima-passa-por-grande-reforma","subtitulo":"Requalifica\u00e7\u00e3o inclui acessibilidade, ilumina\u00e7\u00e3o em LED e moderniza\u00e7\u00e3o da estrutura para fortalecer o esporte e o lazer em Malhador","imagem":"\/img\/imagem\/img-3088_c4c5c78fe87b6a383c0399900cd24.jpg,\/img\/imagem\/media_img-3088_c4c5c78fe87b6a383c0399900cd24.jpg,\/img\/imagem\/thumb_img-3088_c4c5c78fe87b6a383c0399900cd24.jpg,\/img\/imagem\/thumb_fix_img-3088_c4c5c78fe87b6a383c0399900cd24.jpg","texto":"\u003Cp\u003EA Prefeitura de Malhador iniciou uma ampla requalifica\u0026ccedil;\u0026atilde;o na Quadra de Esportes Raimundo Rodrigues de Lima, espa\u0026ccedil;o que h\u0026aacute; anos \u0026eacute; palco de pr\u0026aacute;ticas esportivas e atividades escolares. O objetivo da reforma \u0026eacute; modernizar a estrutura, garantir acessibilidade e proporcionar mais conforto e seguran\u0026ccedil;a para atletas e popula\u0026ccedil;\u0026atilde;o em geral.\u003C\/p\u003E\r\n\u003Cp\u003EEntre os principais servi\u0026ccedil;os em andamento est\u0026atilde;o a recupera\u0026ccedil;\u0026atilde;o de toda a estrutura f\u0026iacute;sica, a amplia\u0026ccedil;\u0026atilde;o da cobertura e a requalifica\u0026ccedil;\u0026atilde;o completa dos vesti\u0026aacute;rios. Outro destaque \u0026eacute; a constru\u0026ccedil;\u0026atilde;o de banheiros com acessibilidade, atendendo a uma demanda importante para inclus\u0026atilde;o e valoriza\u0026ccedil;\u0026atilde;o de todos os cidad\u0026atilde;os.\u003C\/p\u003E\r\n\u003Cp\u003EAl\u0026eacute;m disso, o piso da quadra est\u0026aacute; receber\u0026aacute; nova pintura e a ilumina\u0026ccedil;\u0026atilde;o convencional est\u0026aacute; sendo substitu\u0026iacute;da por um moderno sistema em LED, que garante melhor visibilidade e economia de energia.\u003Cbr \/\u003E\u003Cbr \/\u003E\u003Cimg style=\u0022display: block; margin-left: auto; margin-right: auto;\u0022 src=\u0022https:\/\/malhador.se.gov.br\/img\/imagem\/media_img-3088_c4c5c78fe87b6a383c0399900cd24.jpg\u0022 alt=\u0022img-3088_c4c5c78fe87b6a383c0399900cd24.jpg\u0022 width=\u0022600\u0022 height=\u0022450\u0022 \/\u003E\u003C\/p\u003E","publicacao":"2025-08-30 14:42:48","criado":"2025-08-30 14:42:48","alterado":"2025-08-30 14:42:48"},"outros":[{"id":318,"autor_id":"2","autor":{"id":2,"nome":"SECOM","email":"secom@malhador.se.govbr"},"titulo":"Cadastro de Ambulantes \u2013 Festa de Mar\u00e7o 2026","slug":"cadastro-de-ambulantes-festa-de-marco-2026","imagem":"\/img\/imagem\/banner-site-jpg_86df5eb774937ed86cbbb9f19.jpeg,\/img\/imagem\/media_banner-site-jpg_86df5eb774937ed86cbbb9f19.jpeg,\/img\/imagem\/thumb_banner-site-jpg_86df5eb774937ed86cbbb9f19.jpeg,\/img\/imagem\/thumb_fix_banner-site-jpg_86df5eb774937ed86cbbb9f19.jpeg","texto":"\u003Cp\u003EA Prefeitura de Malhador informa que o credenciamento para os comerciantes eventuais que desejam trabalhar na Festa de Mar\u0026ccedil;o ser\u0026aacute; realizado exclusivamente de forma online.\u003C\/p\u003E\r\n\u003Cp\u003EO formul\u0026aacute;rio de inscri\u0026ccedil;\u0026atilde;o estar\u0026aacute; dispon\u0026iacute;vel para preenchimento a partir das 10:00h do dia 10 de mar\u0026ccedil;o. Fique atento, pois as vagas s\u0026atilde;o limitadas e o sistema ser\u0026aacute; encerrado automaticamente assim que o limite for atingido.\u003C\/p\u003E\r\n\u003Cp\u003EPara realizar a sua inscri\u0026ccedil;\u0026atilde;o, acesse o link abaixo no hor\u0026aacute;rio indicado:\u003C\/p\u003E\r\n\u003Cp\u003E\ud83d\udc49\u003Ca href=\u0022https:\/\/malhador.se.gov.br\/texto\/6\/cadastro-dos-ambulantes\u0022\u003E CLIQUE AQUI PARA ACESSAR O FORMUL\u0026Aacute;RIO DE CADASTRO\u003C\/a\u003E\u003C\/p\u003E","publicacao":"2026-03-10 10:00:16","criado":"2026-03-10 10:00:16","alterado":"2026-03-10 10:00:16"},{"id":317,"autor_id":"2","autor":{"id":2,"nome":"SECOM","email":"secom@malhador.se.govbr"},"titulo":"Secretaria de Infraestrutura intensifica limpeza e manuten\u00e7\u00e3o do cemit\u00e9rio em prepara\u00e7\u00e3o para o Dia de Finados","slug":"secretaria-de-infraestrutura-intensifica-limpeza-e-manutencao-do-cemiterio-em-preparacao-para-o-dia-de-finados","subtitulo":"Espa\u00e7o recebe cuidados especiais e contar\u00e1 com celebra\u00e7\u00e3o religiosa no pr\u00f3ximo domingo (02)","imagem":"\/img\/imagem\/imagem-do-whatsapp-de-2025-10-29-a-s-11-33-00-63831f25_47e40abc6c3e0695e54d0317f37ad.jpg,\/img\/imagem\/media_imagem-do-whatsapp-de-2025-10-29-a-s-11-33-00-63831f25_47e40abc6c3e0695e54d0317f37ad.jpg,\/img\/imagem\/thumb_imagem-do-whatsapp-de-2025-10-29-a-s-11-33-00-63831f25_47e40abc6c3e0695e54d0317f37ad.jpg,\/img\/imagem\/thumb_fix_imagem-do-whatsapp-de-2025-10-29-a-s-11-33-00-63831f25_47e40abc6c3e0695e54d0317f37ad.jpg","texto":"\u003Cp style=\u0022text-align: justify;\u0022\u003EA Prefeitura de Malhador, por meio da Secretaria de Infraestrutura, intensificou nesta semana os servi\u0026ccedil;os de limpeza e manuten\u0026ccedil;\u0026atilde;o no Cemit\u0026eacute;rio P\u0026uacute;blico Municipal, em prepara\u0026ccedil;\u0026atilde;o para o Dia de Finados, que ser\u0026aacute; celebrado nacionalmente no pr\u0026oacute;ximo domingo, 02 de novembro.\u003C\/p\u003E\r\n\u003Cp style=\u0022text-align: justify;\u0022\u003EA data \u0026eacute; marcada por um momento de f\u0026eacute;, saudade e homenagem \u0026agrave; mem\u0026oacute;ria dos entes queridos. Por isso, a gest\u0026atilde;o municipal vem realizando uma s\u0026eacute;rie de a\u0026ccedil;\u0026otilde;es para garantir que o espa\u0026ccedil;o esteja limpo, organizado e acolhedor para receber a popula\u0026ccedil;\u0026atilde;o. As equipes da infraestrutura executaram capina\u0026ccedil;\u0026atilde;o, varri\u0026ccedil;\u0026atilde;o, pintura, poda e pequenos reparos estruturais, al\u0026eacute;m da manuten\u0026ccedil;\u0026atilde;o das \u0026aacute;reas comuns e vias de acesso.\u003C\/p\u003E\r\n\u003Cp\u003EComo parte da programa\u0026ccedil;\u0026atilde;o religiosa, ser\u0026aacute; celebrada uma missa \u0026agrave;s 8h, na capela do cemit\u0026eacute;rio municipal, presidida pelo Padre Adeilson, reunindo familiares e visitantes em um momento de ora\u0026ccedil;\u0026atilde;o e reflex\u0026atilde;o.\u003Cbr \/\u003E\u003Cbr \/\u003E\u003Cimg style=\u0022display: block; margin-left: auto; margin-right: auto;\u0022 src=\u0022https:\/\/malhador.se.gov.br\/img\/imagem\/media_imagem-do-whatsapp-de-2025-10-29-a-s-11-33-00-63831f25_47e40abc6c3e0695e54d0317f37ad.jpg\u0022 alt=\u0022imagem-do-whatsapp-de-2025-10-29-a-s-11-33-00-63831f25_47e40abc6c3e0695e54d0317f37ad.jpg\u0022 width=\u0022600\u0022 height=\u0022450\u0022 \/\u003E\u003C\/p\u003E","publicacao":"2025-10-29 11:40:35","criado":"2025-10-29 11:40:35","alterado":"2025-10-29 11:40:35"},{"id":316,"autor_id":"2","autor":{"id":2,"nome":"SECOM","email":"secom@malhador.se.govbr"},"titulo":"Duas cidad\u00e3s trans de Malhador conquistam retifica\u00e7\u00e3o de nome com apoio da Assist\u00eancia Social","slug":"duas-cidadas-trans-de-malhador-conquistam-retificacao-de-nome-com-apoio-da-assistencia-social","subtitulo":"A a\u00e7\u00e3o \u00e9 fruto de uma parceria entre a Secretaria Municipal de Assist\u00eancia Social e a SEASIC, refor\u00e7ando o compromisso do munic\u00edpio com o respeito \u00e0 identidade de g\u00eanero e \u00e0 dignidade de todos os cidad\u00e3os.","imagem":"\/img\/imagem\/whatsapp-image-2025-10-13-at-18-33-38_57a934ad3ecb8e7628f0ed22.jpeg,\/img\/imagem\/media_whatsapp-image-2025-10-13-at-18-33-38_57a934ad3ecb8e7628f0ed22.jpeg,\/img\/imagem\/thumb_whatsapp-image-2025-10-13-at-18-33-38_57a934ad3ecb8e7628f0ed22.jpeg,\/img\/imagem\/thumb_fix_whatsapp-image-2025-10-13-at-18-33-38_57a934ad3ecb8e7628f0ed22.jpeg","texto":"\u003Cp\u003EPor meio de uma importante parceria entre a Secretaria Municipal de Assist\u0026ecirc;ncia Social de Malhador e a Secretaria de Estado da Assist\u0026ecirc;ncia Social, Inclus\u0026atilde;o e Cidadania (SEASIC), mais duas cidad\u0026atilde;s trans malhadorenses conquistaram um marco em suas trajet\u0026oacute;rias, a retifica\u0026ccedil;\u0026atilde;o de nome em suas certid\u0026otilde;es de nascimento.\u003C\/p\u003E\r\n\u003Cp\u003EO processo de retifica\u0026ccedil;\u0026atilde;o representa muito mais do que uma mudan\u0026ccedil;a documental, \u0026eacute; o reconhecimento da identidade, do direito de ser chamado e reconhecido como se \u0026eacute;. Essa conquista reflete o compromisso da gest\u0026atilde;o municipal em promover pol\u0026iacute;ticas p\u0026uacute;blicas voltadas \u0026agrave; inclus\u0026atilde;o, ao respeito e \u0026agrave; equidade.\u003C\/p\u003E\r\n\u003Cp\u003EA popula\u0026ccedil;\u0026atilde;o trans que desejar obter informa\u0026ccedil;\u0026otilde;es sobre o processo de retifica\u0026ccedil;\u0026atilde;o de nome na certid\u0026atilde;o de nascimento pode procurar o Centro de Refer\u0026ecirc;ncia da Assist\u0026ecirc;ncia Social (CRAS), localizado na Avenida Valter Franco, onde a equipe est\u0026aacute; \u0026agrave; disposi\u0026ccedil;\u0026atilde;o para oferecer orienta\u0026ccedil;\u0026atilde;o e apoio durante todas as etapas do processo.\u003C\/p\u003E\r\n\u003Cp\u003EMalhador reafirma, com esta iniciativa, seu papel como uma cidade que acolhe, respeita e reconhece cada pessoa em sua individualidade, garantindo o direito de viver com dignidade, autenticidade e orgulho.\u003Cbr \/\u003E\u003Cbr \/\u003E\u003Cimg style=\u0022display: block; margin-left: auto; margin-right: auto;\u0022 src=\u0022https:\/\/malhador.se.gov.br\/img\/imagem\/whatsapp-image-2025-10-13-at-18-33-38_57a934ad3ecb8e7628f0ed22.jpeg\u0022 alt=\u0022whatsapp-image-2025-10-13-at-18-33-38_57a934ad3ecb8e7628f0ed22.jpeg\u0022 width=\u00221080\u0022 height=\u0022810\u0022 \/\u003E\u003C\/p\u003E","publicacao":"2025-10-14 15:37:14","criado":"2025-10-14 15:37:14","alterado":"2025-10-14 15:37:14"}]}