{"item":{"id":310,"autor_id":"2","autor":{"id":2,"nome":"SECOM","email":"secom@malhador.se.govbr"},"titulo":"De Malhador para o Brasil: vacina contra a esquistossomose \u00e9 realidade em projeto pioneiro","slug":"de-malhador-para-o-brasil-vacina-contra-a-esquistossomose-e-realidade-em-projeto-pioneiro","subtitulo":"Pesquisas realizadas no Assentamento Marcelo D\u00e9da resultaram na cria\u00e7\u00e3o da vacina contra a esquistossomose, que agora segue para aprova\u00e7\u00e3o da Anvisa.","imagem":"\/img\/imagem\/img-3935_3dd6ccbdb2f13be1dd82264d.jpg,\/img\/imagem\/media_img-3935_3dd6ccbdb2f13be1dd82264d.jpg,\/img\/imagem\/thumb_img-3935_3dd6ccbdb2f13be1dd82264d.jpg,\/img\/imagem\/thumb_fix_img-3935_3dd6ccbdb2f13be1dd82264d.jpg","texto":"\u003Cp\u003EA Prefeitura de Malhador, em parceria com a Fiocruz e a Universidade Federal de Sergipe (UFS), viveu um dia hist\u0026oacute;rico na \u0026uacute;ltima quarta-feira. Na ocasi\u0026atilde;o, representantes das duas institui\u0026ccedil;\u0026otilde;es se reuniram na Cl\u0026iacute;nica de Sa\u0026uacute;de Padre Ant\u0026ocirc;nio Rezende para a apresenta\u0026ccedil;\u0026atilde;o dos resultados da pesquisa e an\u0026uacute;ncio dos pr\u0026oacute;ximos passos. Ap\u0026oacute;s quatro meses de intensos estudos no Assentamento Marcelo D\u0026eacute;da, o munic\u0026iacute;pio se tornou palco de uma conquista in\u0026eacute;dita, a cria\u0026ccedil;\u0026atilde;o da vacina contra a esquistossomose.\u003C\/p\u003E\r\n\u003Cp\u003EAs pesquisas, conduzidas de forma pioneira no territ\u0026oacute;rio malhadorense, contaram com a participa\u0026ccedil;\u0026atilde;o direta da comunidade local e marcaram um novo cap\u0026iacute;tulo na luta contra uma das doen\u0026ccedil;as parasit\u0026aacute;rias mais persistentes do pa\u0026iacute;s.\u003C\/p\u003E\r\n\u003Cp\u003EO projeto, que agora segue para aprova\u0026ccedil;\u0026atilde;o da Ag\u0026ecirc;ncia Nacional de Vigil\u0026acirc;ncia Sanit\u0026aacute;ria (Anvisa), representa uma esperan\u0026ccedil;a concreta para milh\u0026otilde;es de brasileiros. Em breve, a vacina estar\u0026aacute; dispon\u0026iacute;vel em todo o territ\u0026oacute;rio nacional, levando mais sa\u0026uacute;de e qualidade de vida \u0026agrave; popula\u0026ccedil;\u0026atilde;o.\u003C\/p\u003E\r\n\u003Cp\u003EPara o prefeito \u003Cem\u003EAssisinho\u003C\/em\u003E, o feito refor\u0026ccedil;a o papel de Malhador como refer\u0026ecirc;ncia em iniciativas de grande impacto:\u003C\/p\u003E\r\n\u003Cp\u003E\u003Cstrong\u003E\u0026ldquo;Mais uma vez, mostramos que nossa cidade pode ser piloto de projetos transformadores. De Malhador para o Brasil, estamos dando um passo hist\u0026oacute;rico para a sa\u0026uacute;de p\u0026uacute;blica.\u0026rdquo;\u003Cbr \/\u003E\u003C\/strong\u003E\u003Cbr \/\u003ECom essa conquista, Malhador inscreve seu nome no mapa das grandes inova\u0026ccedil;\u0026otilde;es em sa\u0026uacute;de, mostrando que, mesmo sendo um munic\u0026iacute;pio do interior, \u0026eacute; poss\u0026iacute;vel ser protagonista de avan\u0026ccedil;os que ultrapassam fronteiras e beneficiam todo o pa\u0026iacute;s.\u003Cbr \/\u003E\u003Cbr \/\u003E\u003Cimg style=\u0022display: block; margin-left: auto; margin-right: auto;\u0022 src=\u0022https:\/\/malhador.se.gov.br\/img\/imagem\/media_img-3935_3dd6ccbdb2f13be1dd82264d.jpg\u0022 alt=\u0022img-3935_3dd6ccbdb2f13be1dd82264d.jpg\u0022 width=\u0022600\u0022 height=\u0022450\u0022 \/\u003E\u003C\/p\u003E","publicacao":"2025-09-18 13:12:28","criado":"2025-09-18 13:12:28","alterado":"2025-09-18 13:12:28"},"outros":[{"id":318,"autor_id":"2","autor":{"id":2,"nome":"SECOM","email":"secom@malhador.se.govbr"},"titulo":"Cadastro de Ambulantes \u2013 Festa de Mar\u00e7o 2026","slug":"cadastro-de-ambulantes-festa-de-marco-2026","imagem":"\/img\/imagem\/banner-site-jpg_86df5eb774937ed86cbbb9f19.jpeg,\/img\/imagem\/media_banner-site-jpg_86df5eb774937ed86cbbb9f19.jpeg,\/img\/imagem\/thumb_banner-site-jpg_86df5eb774937ed86cbbb9f19.jpeg,\/img\/imagem\/thumb_fix_banner-site-jpg_86df5eb774937ed86cbbb9f19.jpeg","texto":"\u003Cp\u003EA Prefeitura de Malhador informa que o credenciamento para os comerciantes eventuais que desejam trabalhar na Festa de Mar\u0026ccedil;o ser\u0026aacute; realizado exclusivamente de forma online.\u003C\/p\u003E\r\n\u003Cp\u003EO formul\u0026aacute;rio de inscri\u0026ccedil;\u0026atilde;o estar\u0026aacute; dispon\u0026iacute;vel para preenchimento a partir das 10:00h do dia 10 de mar\u0026ccedil;o. Fique atento, pois as vagas s\u0026atilde;o limitadas e o sistema ser\u0026aacute; encerrado automaticamente assim que o limite for atingido.\u003C\/p\u003E\r\n\u003Cp\u003EPara realizar a sua inscri\u0026ccedil;\u0026atilde;o, acesse o link abaixo no hor\u0026aacute;rio indicado:\u003C\/p\u003E\r\n\u003Cp\u003E\ud83d\udc49\u003Ca href=\u0022https:\/\/malhador.se.gov.br\/texto\/6\/cadastro-dos-ambulantes\u0022\u003E CLIQUE AQUI PARA ACESSAR O FORMUL\u0026Aacute;RIO DE CADASTRO\u003C\/a\u003E\u003C\/p\u003E","publicacao":"2026-03-10 10:00:16","criado":"2026-03-10 10:00:16","alterado":"2026-03-10 10:00:16"},{"id":317,"autor_id":"2","autor":{"id":2,"nome":"SECOM","email":"secom@malhador.se.govbr"},"titulo":"Secretaria de Infraestrutura intensifica limpeza e manuten\u00e7\u00e3o do cemit\u00e9rio em prepara\u00e7\u00e3o para o Dia de Finados","slug":"secretaria-de-infraestrutura-intensifica-limpeza-e-manutencao-do-cemiterio-em-preparacao-para-o-dia-de-finados","subtitulo":"Espa\u00e7o recebe cuidados especiais e contar\u00e1 com celebra\u00e7\u00e3o religiosa no pr\u00f3ximo domingo (02)","imagem":"\/img\/imagem\/imagem-do-whatsapp-de-2025-10-29-a-s-11-33-00-63831f25_47e40abc6c3e0695e54d0317f37ad.jpg,\/img\/imagem\/media_imagem-do-whatsapp-de-2025-10-29-a-s-11-33-00-63831f25_47e40abc6c3e0695e54d0317f37ad.jpg,\/img\/imagem\/thumb_imagem-do-whatsapp-de-2025-10-29-a-s-11-33-00-63831f25_47e40abc6c3e0695e54d0317f37ad.jpg,\/img\/imagem\/thumb_fix_imagem-do-whatsapp-de-2025-10-29-a-s-11-33-00-63831f25_47e40abc6c3e0695e54d0317f37ad.jpg","texto":"\u003Cp style=\u0022text-align: justify;\u0022\u003EA Prefeitura de Malhador, por meio da Secretaria de Infraestrutura, intensificou nesta semana os servi\u0026ccedil;os de limpeza e manuten\u0026ccedil;\u0026atilde;o no Cemit\u0026eacute;rio P\u0026uacute;blico Municipal, em prepara\u0026ccedil;\u0026atilde;o para o Dia de Finados, que ser\u0026aacute; celebrado nacionalmente no pr\u0026oacute;ximo domingo, 02 de novembro.\u003C\/p\u003E\r\n\u003Cp style=\u0022text-align: justify;\u0022\u003EA data \u0026eacute; marcada por um momento de f\u0026eacute;, saudade e homenagem \u0026agrave; mem\u0026oacute;ria dos entes queridos. Por isso, a gest\u0026atilde;o municipal vem realizando uma s\u0026eacute;rie de a\u0026ccedil;\u0026otilde;es para garantir que o espa\u0026ccedil;o esteja limpo, organizado e acolhedor para receber a popula\u0026ccedil;\u0026atilde;o. As equipes da infraestrutura executaram capina\u0026ccedil;\u0026atilde;o, varri\u0026ccedil;\u0026atilde;o, pintura, poda e pequenos reparos estruturais, al\u0026eacute;m da manuten\u0026ccedil;\u0026atilde;o das \u0026aacute;reas comuns e vias de acesso.\u003C\/p\u003E\r\n\u003Cp\u003EComo parte da programa\u0026ccedil;\u0026atilde;o religiosa, ser\u0026aacute; celebrada uma missa \u0026agrave;s 8h, na capela do cemit\u0026eacute;rio municipal, presidida pelo Padre Adeilson, reunindo familiares e visitantes em um momento de ora\u0026ccedil;\u0026atilde;o e reflex\u0026atilde;o.\u003Cbr \/\u003E\u003Cbr \/\u003E\u003Cimg style=\u0022display: block; margin-left: auto; margin-right: auto;\u0022 src=\u0022https:\/\/malhador.se.gov.br\/img\/imagem\/media_imagem-do-whatsapp-de-2025-10-29-a-s-11-33-00-63831f25_47e40abc6c3e0695e54d0317f37ad.jpg\u0022 alt=\u0022imagem-do-whatsapp-de-2025-10-29-a-s-11-33-00-63831f25_47e40abc6c3e0695e54d0317f37ad.jpg\u0022 width=\u0022600\u0022 height=\u0022450\u0022 \/\u003E\u003C\/p\u003E","publicacao":"2025-10-29 11:40:35","criado":"2025-10-29 11:40:35","alterado":"2025-10-29 11:40:35"},{"id":316,"autor_id":"2","autor":{"id":2,"nome":"SECOM","email":"secom@malhador.se.govbr"},"titulo":"Duas cidad\u00e3s trans de Malhador conquistam retifica\u00e7\u00e3o de nome com apoio da Assist\u00eancia Social","slug":"duas-cidadas-trans-de-malhador-conquistam-retificacao-de-nome-com-apoio-da-assistencia-social","subtitulo":"A a\u00e7\u00e3o \u00e9 fruto de uma parceria entre a Secretaria Municipal de Assist\u00eancia Social e a SEASIC, refor\u00e7ando o compromisso do munic\u00edpio com o respeito \u00e0 identidade de g\u00eanero e \u00e0 dignidade de todos os cidad\u00e3os.","imagem":"\/img\/imagem\/whatsapp-image-2025-10-13-at-18-33-38_57a934ad3ecb8e7628f0ed22.jpeg,\/img\/imagem\/media_whatsapp-image-2025-10-13-at-18-33-38_57a934ad3ecb8e7628f0ed22.jpeg,\/img\/imagem\/thumb_whatsapp-image-2025-10-13-at-18-33-38_57a934ad3ecb8e7628f0ed22.jpeg,\/img\/imagem\/thumb_fix_whatsapp-image-2025-10-13-at-18-33-38_57a934ad3ecb8e7628f0ed22.jpeg","texto":"\u003Cp\u003EPor meio de uma importante parceria entre a Secretaria Municipal de Assist\u0026ecirc;ncia Social de Malhador e a Secretaria de Estado da Assist\u0026ecirc;ncia Social, Inclus\u0026atilde;o e Cidadania (SEASIC), mais duas cidad\u0026atilde;s trans malhadorenses conquistaram um marco em suas trajet\u0026oacute;rias, a retifica\u0026ccedil;\u0026atilde;o de nome em suas certid\u0026otilde;es de nascimento.\u003C\/p\u003E\r\n\u003Cp\u003EO processo de retifica\u0026ccedil;\u0026atilde;o representa muito mais do que uma mudan\u0026ccedil;a documental, \u0026eacute; o reconhecimento da identidade, do direito de ser chamado e reconhecido como se \u0026eacute;. Essa conquista reflete o compromisso da gest\u0026atilde;o municipal em promover pol\u0026iacute;ticas p\u0026uacute;blicas voltadas \u0026agrave; inclus\u0026atilde;o, ao respeito e \u0026agrave; equidade.\u003C\/p\u003E\r\n\u003Cp\u003EA popula\u0026ccedil;\u0026atilde;o trans que desejar obter informa\u0026ccedil;\u0026otilde;es sobre o processo de retifica\u0026ccedil;\u0026atilde;o de nome na certid\u0026atilde;o de nascimento pode procurar o Centro de Refer\u0026ecirc;ncia da Assist\u0026ecirc;ncia Social (CRAS), localizado na Avenida Valter Franco, onde a equipe est\u0026aacute; \u0026agrave; disposi\u0026ccedil;\u0026atilde;o para oferecer orienta\u0026ccedil;\u0026atilde;o e apoio durante todas as etapas do processo.\u003C\/p\u003E\r\n\u003Cp\u003EMalhador reafirma, com esta iniciativa, seu papel como uma cidade que acolhe, respeita e reconhece cada pessoa em sua individualidade, garantindo o direito de viver com dignidade, autenticidade e orgulho.\u003Cbr \/\u003E\u003Cbr \/\u003E\u003Cimg style=\u0022display: block; margin-left: auto; margin-right: auto;\u0022 src=\u0022https:\/\/malhador.se.gov.br\/img\/imagem\/whatsapp-image-2025-10-13-at-18-33-38_57a934ad3ecb8e7628f0ed22.jpeg\u0022 alt=\u0022whatsapp-image-2025-10-13-at-18-33-38_57a934ad3ecb8e7628f0ed22.jpeg\u0022 width=\u00221080\u0022 height=\u0022810\u0022 \/\u003E\u003C\/p\u003E","publicacao":"2025-10-14 15:37:14","criado":"2025-10-14 15:37:14","alterado":"2025-10-14 15:37:14"}]}