{"categorias":[{"id":4,"nome":"Diretoria","criado":"2020-07-15 20:45:25","alterado":"2020-07-15 20:45:25"},{"id":3,"nome":"Esporte","criado":"2018-07-25 15:33:26","alterado":"2018-07-26 14:32:41"},{"id":1,"nome":"Principal","criado":"2018-07-25 15:32:50","alterado":"2021-04-13 14:20:21"},{"id":2,"nome":"Tecnologia","criado":"2018-07-25 15:33:16","alterado":"2018-07-25 15:33:16"}],"categoria":null,"paginacao":{"atual":1,"proxima":2,"anterior":0,"total_registros":311,"total_paginas":26},"itens":[{"id":318,"autor_id":"2","autor":{"id":2,"nome":"SECOM","email":"secom@malhador.se.govbr"},"titulo":"Cadastro de Ambulantes \u2013 Festa de Mar\u00e7o 2026","slug":"cadastro-de-ambulantes-festa-de-marco-2026","imagem":"\/img\/imagem\/banner-site-jpg_86df5eb774937ed86cbbb9f19.jpeg,\/img\/imagem\/media_banner-site-jpg_86df5eb774937ed86cbbb9f19.jpeg,\/img\/imagem\/thumb_banner-site-jpg_86df5eb774937ed86cbbb9f19.jpeg,\/img\/imagem\/thumb_fix_banner-site-jpg_86df5eb774937ed86cbbb9f19.jpeg","texto":"\u003Cp\u003EA Prefeitura de Malhador informa que o credenciamento para os comerciantes eventuais que desejam trabalhar na Festa de Mar\u0026ccedil;o ser\u0026aacute; realizado exclusivamente de forma online.\u003C\/p\u003E\r\n\u003Cp\u003EO formul\u0026aacute;rio de inscri\u0026ccedil;\u0026atilde;o estar\u0026aacute; dispon\u0026iacute;vel para preenchimento a partir das 10:00h do dia 10 de mar\u0026ccedil;o. Fique atento, pois as vagas s\u0026atilde;o limitadas e o sistema ser\u0026aacute; encerrado automaticamente assim que o limite for atingido.\u003C\/p\u003E\r\n\u003Cp\u003EPara realizar a sua inscri\u0026ccedil;\u0026atilde;o, acesse o link abaixo no hor\u0026aacute;rio indicado:\u003C\/p\u003E\r\n\u003Cp\u003E\ud83d\udc49\u003Ca href=\u0022https:\/\/malhador.se.gov.br\/texto\/6\/cadastro-dos-ambulantes\u0022\u003E CLIQUE AQUI PARA ACESSAR O FORMUL\u0026Aacute;RIO DE CADASTRO\u003C\/a\u003E\u003C\/p\u003E","publicacao":"2026-03-10 10:00:16","criado":"2026-03-10 10:00:16","alterado":"2026-03-10 10:00:16"},{"id":317,"autor_id":"2","autor":{"id":2,"nome":"SECOM","email":"secom@malhador.se.govbr"},"titulo":"Secretaria de Infraestrutura intensifica limpeza e manuten\u00e7\u00e3o do cemit\u00e9rio em prepara\u00e7\u00e3o para o Dia de Finados","slug":"secretaria-de-infraestrutura-intensifica-limpeza-e-manutencao-do-cemiterio-em-preparacao-para-o-dia-de-finados","subtitulo":"Espa\u00e7o recebe cuidados especiais e contar\u00e1 com celebra\u00e7\u00e3o religiosa no pr\u00f3ximo domingo (02)","imagem":"\/img\/imagem\/imagem-do-whatsapp-de-2025-10-29-a-s-11-33-00-63831f25_47e40abc6c3e0695e54d0317f37ad.jpg,\/img\/imagem\/media_imagem-do-whatsapp-de-2025-10-29-a-s-11-33-00-63831f25_47e40abc6c3e0695e54d0317f37ad.jpg,\/img\/imagem\/thumb_imagem-do-whatsapp-de-2025-10-29-a-s-11-33-00-63831f25_47e40abc6c3e0695e54d0317f37ad.jpg,\/img\/imagem\/thumb_fix_imagem-do-whatsapp-de-2025-10-29-a-s-11-33-00-63831f25_47e40abc6c3e0695e54d0317f37ad.jpg","texto":"\u003Cp style=\u0022text-align: justify;\u0022\u003EA Prefeitura de Malhador, por meio da Secretaria de Infraestrutura, intensificou nesta semana os servi\u0026ccedil;os de limpeza e manuten\u0026ccedil;\u0026atilde;o no Cemit\u0026eacute;rio P\u0026uacute;blico Municipal, em prepara\u0026ccedil;\u0026atilde;o para o Dia de Finados, que ser\u0026aacute; celebrado nacionalmente no pr\u0026oacute;ximo domingo, 02 de novembro.\u003C\/p\u003E\r\n\u003Cp style=\u0022text-align: justify;\u0022\u003EA data \u0026eacute; marcada por um momento de f\u0026eacute;, saudade e homenagem \u0026agrave; mem\u0026oacute;ria dos entes queridos. Por isso, a gest\u0026atilde;o municipal vem realizando uma s\u0026eacute;rie de a\u0026ccedil;\u0026otilde;es para garantir que o espa\u0026ccedil;o esteja limpo, organizado e acolhedor para receber a popula\u0026ccedil;\u0026atilde;o. As equipes da infraestrutura executaram capina\u0026ccedil;\u0026atilde;o, varri\u0026ccedil;\u0026atilde;o, pintura, poda e pequenos reparos estruturais, al\u0026eacute;m da manuten\u0026ccedil;\u0026atilde;o das \u0026aacute;reas comuns e vias de acesso.\u003C\/p\u003E\r\n\u003Cp\u003EComo parte da programa\u0026ccedil;\u0026atilde;o religiosa, ser\u0026aacute; celebrada uma missa \u0026agrave;s 8h, na capela do cemit\u0026eacute;rio municipal, presidida pelo Padre Adeilson, reunindo familiares e visitantes em um momento de ora\u0026ccedil;\u0026atilde;o e reflex\u0026atilde;o.\u003Cbr \/\u003E\u003Cbr \/\u003E\u003Cimg style=\u0022display: block; margin-left: auto; margin-right: auto;\u0022 src=\u0022https:\/\/malhador.se.gov.br\/img\/imagem\/media_imagem-do-whatsapp-de-2025-10-29-a-s-11-33-00-63831f25_47e40abc6c3e0695e54d0317f37ad.jpg\u0022 alt=\u0022imagem-do-whatsapp-de-2025-10-29-a-s-11-33-00-63831f25_47e40abc6c3e0695e54d0317f37ad.jpg\u0022 width=\u0022600\u0022 height=\u0022450\u0022 \/\u003E\u003C\/p\u003E","publicacao":"2025-10-29 11:40:35","criado":"2025-10-29 11:40:35","alterado":"2025-10-29 11:40:35"},{"id":316,"autor_id":"2","autor":{"id":2,"nome":"SECOM","email":"secom@malhador.se.govbr"},"titulo":"Duas cidad\u00e3s trans de Malhador conquistam retifica\u00e7\u00e3o de nome com apoio da Assist\u00eancia Social","slug":"duas-cidadas-trans-de-malhador-conquistam-retificacao-de-nome-com-apoio-da-assistencia-social","subtitulo":"A a\u00e7\u00e3o \u00e9 fruto de uma parceria entre a Secretaria Municipal de Assist\u00eancia Social e a SEASIC, refor\u00e7ando o compromisso do munic\u00edpio com o respeito \u00e0 identidade de g\u00eanero e \u00e0 dignidade de todos os cidad\u00e3os.","imagem":"\/img\/imagem\/whatsapp-image-2025-10-13-at-18-33-38_57a934ad3ecb8e7628f0ed22.jpeg,\/img\/imagem\/media_whatsapp-image-2025-10-13-at-18-33-38_57a934ad3ecb8e7628f0ed22.jpeg,\/img\/imagem\/thumb_whatsapp-image-2025-10-13-at-18-33-38_57a934ad3ecb8e7628f0ed22.jpeg,\/img\/imagem\/thumb_fix_whatsapp-image-2025-10-13-at-18-33-38_57a934ad3ecb8e7628f0ed22.jpeg","texto":"\u003Cp\u003EPor meio de uma importante parceria entre a Secretaria Municipal de Assist\u0026ecirc;ncia Social de Malhador e a Secretaria de Estado da Assist\u0026ecirc;ncia Social, Inclus\u0026atilde;o e Cidadania (SEASIC), mais duas cidad\u0026atilde;s trans malhadorenses conquistaram um marco em suas trajet\u0026oacute;rias, a retifica\u0026ccedil;\u0026atilde;o de nome em suas certid\u0026otilde;es de nascimento.\u003C\/p\u003E\r\n\u003Cp\u003EO processo de retifica\u0026ccedil;\u0026atilde;o representa muito mais do que uma mudan\u0026ccedil;a documental, \u0026eacute; o reconhecimento da identidade, do direito de ser chamado e reconhecido como se \u0026eacute;. Essa conquista reflete o compromisso da gest\u0026atilde;o municipal em promover pol\u0026iacute;ticas p\u0026uacute;blicas voltadas \u0026agrave; inclus\u0026atilde;o, ao respeito e \u0026agrave; equidade.\u003C\/p\u003E\r\n\u003Cp\u003EA popula\u0026ccedil;\u0026atilde;o trans que desejar obter informa\u0026ccedil;\u0026otilde;es sobre o processo de retifica\u0026ccedil;\u0026atilde;o de nome na certid\u0026atilde;o de nascimento pode procurar o Centro de Refer\u0026ecirc;ncia da Assist\u0026ecirc;ncia Social (CRAS), localizado na Avenida Valter Franco, onde a equipe est\u0026aacute; \u0026agrave; disposi\u0026ccedil;\u0026atilde;o para oferecer orienta\u0026ccedil;\u0026atilde;o e apoio durante todas as etapas do processo.\u003C\/p\u003E\r\n\u003Cp\u003EMalhador reafirma, com esta iniciativa, seu papel como uma cidade que acolhe, respeita e reconhece cada pessoa em sua individualidade, garantindo o direito de viver com dignidade, autenticidade e orgulho.\u003Cbr \/\u003E\u003Cbr \/\u003E\u003Cimg style=\u0022display: block; margin-left: auto; margin-right: auto;\u0022 src=\u0022https:\/\/malhador.se.gov.br\/img\/imagem\/whatsapp-image-2025-10-13-at-18-33-38_57a934ad3ecb8e7628f0ed22.jpeg\u0022 alt=\u0022whatsapp-image-2025-10-13-at-18-33-38_57a934ad3ecb8e7628f0ed22.jpeg\u0022 width=\u00221080\u0022 height=\u0022810\u0022 \/\u003E\u003C\/p\u003E","publicacao":"2025-10-14 15:37:14","criado":"2025-10-14 15:37:14","alterado":"2025-10-14 15:37:14"},{"id":315,"autor_id":"2","autor":{"id":2,"nome":"SECOM","email":"secom@malhador.se.govbr"},"titulo":"Prefeitura de Malhador promoveu a 5\u00ba edi\u00e7\u00e3o do \u2018Mundo da Crian\u00e7a\u2019","slug":"prefeitura-de-malhador-promoveu-a-5o-edicao-do-mundo-da-crianca","subtitulo":"Um dia de divers\u00e3o e alegria para celebrar a inf\u00e2ncia em Malhador","imagem":"\/img\/imagem\/whatsapp-image-2025-10-09-at-10-06-39_837f2ad26254df5f41ed5c.jpeg,\/img\/imagem\/media_whatsapp-image-2025-10-09-at-10-06-39_837f2ad26254df5f41ed5c.jpeg,\/img\/imagem\/thumb_whatsapp-image-2025-10-09-at-10-06-39_837f2ad26254df5f41ed5c.jpeg,\/img\/imagem\/thumb_fix_whatsapp-image-2025-10-09-at-10-06-39_837f2ad26254df5f41ed5c.jpeg","texto":"\u003Cp\u003ENo dia 8 de outubro, a Prefeitura de Malhador realizou a 5\u0026ordf; edi\u0026ccedil;\u0026atilde;o do Mundo da Crian\u0026ccedil;a, consolidando o evento como uma das maiores festas infantis de Sergipe. Centenas de crian\u0026ccedil;as e fam\u0026iacute;lias participaram de um dia dedicado \u0026agrave; divers\u0026atilde;o, \u0026agrave; conviv\u0026ecirc;ncia e \u0026agrave; valoriza\u0026ccedil;\u0026atilde;o da inf\u0026acirc;ncia.\u003C\/p\u003E\r\n\u003Cp\u003ECom ampla estrutura, a programa\u0026ccedil;\u0026atilde;o contou com brinquedos, apresenta\u0026ccedil;\u0026otilde;es art\u0026iacute;sticas, distribui\u0026ccedil;\u0026atilde;o de guloseimas e diversas atividades recreativas, garantindo momentos de alegria para todo o p\u0026uacute;blico presente.\u003C\/p\u003E\r\n\u003Cp\u003EEm pronunciamento, o prefeito Assisinho ressaltou que a iniciativa refor\u0026ccedil;a o compromisso da gest\u0026atilde;o com o bem-estar e o desenvolvimento das novas gera\u0026ccedil;\u0026otilde;es, destacando que investir na inf\u0026acirc;ncia \u0026eacute; investir no futuro de Malhador.\u003C\/p\u003E\r\n\u003Cp\u003EA quinta edi\u0026ccedil;\u0026atilde;o do Mundo da Crian\u0026ccedil;a reafirma a dedica\u0026ccedil;\u0026atilde;o da Prefeitura em promover lazer, integra\u0026ccedil;\u0026atilde;o e cidadania, consolidando o evento como um marco no calend\u0026aacute;rio do munic\u0026iacute;pio.\u003Cbr \/\u003E\u003Cbr \/\u003E\u0026nbsp; \u0026nbsp; \u0026nbsp; \u0026nbsp;\u003Cimg src=\u0022https:\/\/malhador.se.gov.br\/img\/imagem\/media_whatsapp-image-2025-10-09-at-10-06-41-1_6dffcbb0d872fb9f91d21e.jpeg\u0022 alt=\u0022whatsapp-image-2025-10-09-at-10-06-41-1_6dffcbb0d872fb9f91d21e.jpeg\u0022 width=\u0022600\u0022 height=\u0022400\u0022 \/\u003E \u003Cimg src=\u0022https:\/\/malhador.se.gov.br\/img\/imagem\/media_whatsapp-image-2025-10-09-at-10-06-41-2_8fcf5599d648ba1f7a0138.jpeg\u0022 alt=\u0022whatsapp-image-2025-10-09-at-10-06-41-2_8fcf5599d648ba1f7a0138.jpeg\u0022 width=\u0022600\u0022 height=\u0022400\u0022 \/\u003E\u003C\/p\u003E\r\n\u003Cp\u003E\u0026nbsp; \u0026nbsp; \u0026nbsp; \u003Cimg src=\u0022https:\/\/malhador.se.gov.br\/img\/imagem\/thumb_whatsapp-image-2025-10-09-at-10-06-41_64a93e7cdb10e58c845a25e30.jpeg\u0022 alt=\u0022whatsapp-image-2025-10-09-at-10-06-41_64a93e7cdb10e58c845a25e30.jpeg\u0022 width=\u0022300\u0022 height=\u0022200\u0022 \/\u003E \u003Cimg src=\u0022https:\/\/malhador.se.gov.br\/img\/imagem\/thumb_whatsapp-image-2025-10-09-at-10-06-41-1_6dffcbb0d872fb9f91d21e.jpeg\u0022 alt=\u0022whatsapp-image-2025-10-09-at-10-06-41-1_6dffcbb0d872fb9f91d21e.jpeg\u0022 width=\u0022300\u0022 height=\u0022200\u0022 \/\u003E \u003Cimg src=\u0022https:\/\/malhador.se.gov.br\/img\/imagem\/thumb_whatsapp-image-2025-10-09-at-10-06-40-3_54c32c5aab2647503d2ad.jpeg\u0022 alt=\u0022whatsapp-image-2025-10-09-at-10-06-40-3_54c32c5aab2647503d2ad.jpeg\u0022 width=\u0022300\u0022 height=\u0022200\u0022 \/\u003E \u003Cimg src=\u0022https:\/\/malhador.se.gov.br\/img\/imagem\/thumb_whatsapp-image-2025-10-09-at-10-06-39_837f2ad26254df5f41ed5c.jpeg\u0022 alt=\u0022whatsapp-image-2025-10-09-at-10-06-39_837f2ad26254df5f41ed5c.jpeg\u0022 width=\u0022300\u0022 height=\u0022200\u0022 \/\u003E\u003C\/p\u003E","publicacao":"2025-10-13 13:08:07","criado":"2025-10-13 13:08:07","alterado":"2025-10-13 13:08:07"},{"id":314,"autor_id":"2","autor":{"id":2,"nome":"SECOM","email":"secom@malhador.se.govbr"},"titulo":"Povoado Tabua celebra entrega de tr\u00eas grandes obras com festa e emo\u00e7\u00e3o","slug":"povoado-tabua-celebra-entrega-de-tres-grandes-obras-com-festa-e-emocao","subtitulo":"Prefeitura de Malhador transforma o povoado com novos espa\u00e7os de lazer, sa\u00fade e educa\u00e7\u00e3o","imagem":"\/img\/imagem\/whatsapp-image-2025-10-13-at-11-44-40_2005de571cf52e7f83df2.jpeg,\/img\/imagem\/media_whatsapp-image-2025-10-13-at-11-44-40_2005de571cf52e7f83df2.jpeg,\/img\/imagem\/thumb_whatsapp-image-2025-10-13-at-11-44-40_2005de571cf52e7f83df2.jpeg,\/img\/imagem\/thumb_fix_whatsapp-image-2025-10-13-at-11-44-40_2005de571cf52e7f83df2.jpeg","texto":"\u003Cp\u003ENo \u0026uacute;ltimo domingo, (12), o Povoado Tabua viveu um dia hist\u0026oacute;rico. Em uma tarde de celebra\u0026ccedil;\u0026atilde;o e alegria, o Prefeito Assisinho e o Vice-Prefeito Floro J\u0026uacute;nior entregaram tr\u0026ecirc;s importantes obras que marcam uma nova fase de desenvolvimento para a comunidade:\u003C\/p\u003E\r\n\u003Cul\u003E\r\n\u003Cli\u003E\u003Cstrong\u003EA nova Pra\u0026ccedil;a Josefina dos Santos (Dona Mocinha), um espa\u0026ccedil;o moderno de lazer e conviv\u0026ecirc;ncia;\u003C\/strong\u003E\u003C\/li\u003E\r\n\u003Cli\u003E\u003Cstrong\u003EA Academia de Sa\u0026uacute;de Douglas Alves dos Santos (Douglas CDs), que incentiva o cuidado com o corpo e o bem-estar;\u003C\/strong\u003E\u003C\/li\u003E\r\n\u003Cli\u003E\u003Cstrong\u003EE a Reforma e Amplia\u0026ccedil;\u0026atilde;o da Escola Rural Barroc\u0026atilde;o, que agora oferece um ambiente ainda mais acolhedor e estruturado para alunos e professores.\u003C\/strong\u003E\u003C\/li\u003E\r\n\u003C\/ul\u003E\r\n\u003Cp\u003EDurante a solenidade, moradores expressaram gratid\u0026atilde;o e emo\u0026ccedil;\u0026atilde;o pelas conquistas. \u0026ldquo;Esses espa\u0026ccedil;os estavam esquecidos h\u0026aacute; muito tempo. \u0026Eacute; a primeira vez que a comunidade recebe uma pra\u0026ccedil;a e tantas benfeitorias juntas. Estamos muito felizes!\u0026rdquo;, disse Cl\u0026eacute;cia dos Santos, moradora do povoado.\u003C\/p\u003E\r\n\u003Cp\u003ECom essas entregas, a Prefeitura de Malhador reafirma o compromisso de seguir investindo em lazer, sa\u0026uacute;de e educa\u0026ccedil;\u0026atilde;o, promovendo mais qualidade de vida e orgulho para o povo tabuense.\u003C\/p\u003E\r\n\u003Cp\u003E\u0026nbsp; \u0026nbsp; \u0026nbsp; \u0026nbsp; \u0026nbsp; \u0026nbsp;\u003Cimg src=\u0022https:\/\/malhador.se.gov.br\/img\/imagem\/media_whatsapp-image-2025-10-13-at-11-44-40_2005de571cf52e7f83df2.jpeg\u0022 alt=\u0022whatsapp-image-2025-10-13-at-11-44-40_2005de571cf52e7f83df2.jpeg\u0022 width=\u0022600\u0022 height=\u0022450\u0022 \/\u003E \u003Cimg src=\u0022https:\/\/malhador.se.gov.br\/img\/imagem\/media_whatsapp-image-2025-10-13-at-12-23-45_dc258b6e9a01e74d573cef.jpeg\u0022 alt=\u0022whatsapp-image-2025-10-13-at-12-23-45_dc258b6e9a01e74d573cef.jpeg\u0022 width=\u0022600\u0022 height=\u0022450\u0022 \/\u003E\u0026nbsp;\u003C\/p\u003E\r\n\u003Cp\u003E\u003Cimg style=\u0022display: block; margin-left: auto; margin-right: auto;\u0022 src=\u0022https:\/\/malhador.se.gov.br\/img\/imagem\/media_whatsapp-image-2025-10-13-at-11-44-40-2_99a051e394419f31c2dee6885aa.jpeg\u0022 alt=\u0022whatsapp-image-2025-10-13-at-11-44-40-2_99a051e394419f31c2dee6885aa.jpeg\u0022 width=\u0022600\u0022 height=\u0022450\u0022 \/\u003E\u003C\/p\u003E","publicacao":"2025-10-13 12:36:31","criado":"2025-10-13 12:36:31","alterado":"2025-10-13 12:36:31"},{"id":313,"autor_id":"2","autor":{"id":2,"nome":"SECOM","email":"secom@malhador.se.govbr"},"titulo":"Programa Acelerando o Futuro garante 1\u00ba emprego e sal\u00e1rio fixo para jovens","slug":"programa-acelerando-o-futuro-garante-1o-emprego-e-salario-fixo-para-jovens","subtitulo":"Com novas vagas a caminho, o programa segue abrindo portas e impulsionando sonhos dos jovens malhadorenses.","imagem":"\/img\/imagem\/captura-de-tela-2025-10-13-105536_8e0bd64b29ccc9642198988ace.png,\/img\/imagem\/media_captura-de-tela-2025-10-13-105536_8e0bd64b29ccc9642198988ace.png,\/img\/imagem\/thumb_captura-de-tela-2025-10-13-105536_8e0bd64b29ccc9642198988ace.png,\/img\/imagem\/thumb_fix_captura-de-tela-2025-10-13-105536_8e0bd64b29ccc9642198988ace.png","texto":"\u003Cp\u003EA Prefeitura Municipal de Malhador celebra o sucesso da primeira turma do programa \u0026ldquo;Acelerando o Futuro\u0026rdquo;, que est\u0026aacute; transformando a realidade de jovens do munic\u0026iacute;pio. A iniciativa oferece o primeiro emprego formal e sal\u0026aacute;rio fixo, garantindo dignidade, estabilidade e uma nova perspectiva de futuro.\u003C\/p\u003E\r\n\u003Cp\u003EO programa \u0026eacute; um compromisso da gest\u0026atilde;o municipal em acelerar o futuro da juventude, oferecendo oportunidades reais e valorizando o talento local. Os jovens participantes t\u0026ecirc;m a chance de vivenciar experi\u0026ecirc;ncias no servi\u0026ccedil;o p\u0026uacute;blico, desenvolvendo habilidades profissionais e contribuindo diretamente com o crescimento da cidade.\u003C\/p\u003E\r\n\u003Cp\u003EDiante dos resultados positivos e do impacto social gerado, a Prefeitura de Malhador, em parceria com a Secretaria Municipal de Assist\u0026ecirc;ncia Social, j\u0026aacute; est\u0026aacute; se organizando para abrir novas vagas, permitindo que mais jovens possam ingressar nessa jornada de aprendizado e transforma\u0026ccedil;\u0026atilde;o.\u003C\/p\u003E\r\n\u003Cp\u003EMais do que um programa de inser\u0026ccedil;\u0026atilde;o no mercado de trabalho, o \u0026ldquo;Acelerando o Futuro\u0026rdquo; representa um passo concreto rumo a uma gera\u0026ccedil;\u0026atilde;o mais preparada, confiante e independente, mostrando que em Malhador, o futuro come\u0026ccedil;a agora.\u003C\/p\u003E\r\n\u003Cp\u003E\u0026nbsp;\u003C\/p\u003E\r\n\u003Cp\u003E\u0026nbsp; \u0026nbsp; \u0026nbsp; \u0026nbsp; \u0026nbsp; \u0026nbsp; \u0026nbsp;\u003Cimg src=\u0022https:\/\/malhador.se.gov.br\/img\/imagem\/media_captura-de-tela-2025-10-13-105536_8e0bd64b29ccc9642198988ace.png\u0022 alt=\u0022captura-de-tela-2025-10-13-105536_8e0bd64b29ccc9642198988ace.png\u0022 width=\u0022600\u0022 height=\u0022335\u0022 \/\u003E \u003Cimg src=\u0022https:\/\/malhador.se.gov.br\/img\/imagem\/media_captura-de-tela-2025-10-13-110535_0d20c3476071c92e73478.png\u0022 alt=\u0022captura-de-tela-2025-10-13-110535_0d20c3476071c92e73478.png\u0022 width=\u0022600\u0022 height=\u0022341\u0022 \/\u003E\u003C\/p\u003E","publicacao":"2025-10-13 11:16:23","criado":"2025-10-13 11:16:23","alterado":"2025-10-13 11:16:23"},{"id":312,"autor_id":"2","autor":{"id":2,"nome":"SECOM","email":"secom@malhador.se.govbr"},"titulo":"Parceria entre Prefeitura e Sebrae incentiva o empreendedorismo e fortalece a economia local","slug":"parceria-entre-prefeitura-e-sebrae-incentiva-o-empreendedorismo-e-fortalece-a-economia-local","subtitulo":"Iniciativa promove crescimento, renda e oportunidades para quem faz a economia de Malhador acontecer","imagem":"\/img\/imagem\/whatsapp-image-2025-10-13-at-10-42-41_9d3facdaf2964403028d0d53ae50.jpeg,\/img\/imagem\/media_whatsapp-image-2025-10-13-at-10-42-41_9d3facdaf2964403028d0d53ae50.jpeg,\/img\/imagem\/thumb_whatsapp-image-2025-10-13-at-10-42-41_9d3facdaf2964403028d0d53ae50.jpeg,\/img\/imagem\/thumb_fix_whatsapp-image-2025-10-13-at-10-42-41_9d3facdaf2964403028d0d53ae50.jpeg","texto":"\u003Cp\u003EA Prefeitura de Malhador, em parceria com o Sebrae, realizou na \u0026uacute;ltima segunda-feira (06) a a\u0026ccedil;\u0026atilde;o \u0026ldquo;Empreender Malhador\u0026rdquo;. O evento aconteceu durante todo o dia na Pra\u0026ccedil;a Givaldo Alves, em frente \u0026agrave; sede da Prefeitura, e foi dedicado a apoiar quem j\u0026aacute; \u0026eacute; empreendedor ou busca novas oportunidades.\u003C\/p\u003E\r\n\u003Cp\u003EA iniciativa ofereceu atendimento gratuito, com foco em orienta\u0026ccedil;\u0026otilde;es, capacita\u0026ccedil;\u0026otilde;es, consultorias especializadas e apoio essencial aos MEIs. O objetivo de incentivar o desenvolvimento econ\u0026ocirc;mico local e promover o fortalecimento dos neg\u0026oacute;cios foi alcan\u0026ccedil;ado com grande participa\u0026ccedil;\u0026atilde;o popular.\u003C\/p\u003E\r\n\u003Cp\u003EEssa parceria demonstra o compromisso da nossa gest\u0026atilde;o em estimular o empreendedorismo e gerar renda em Malhador.\u003C\/p\u003E\r\n\u003Cp\u003E\u003Cbr \/\u003E\u0026nbsp; \u0026nbsp; \u0026nbsp; \u0026nbsp; \u0026nbsp;\u003Cimg src=\u0022https:\/\/malhador.se.gov.br\/img\/imagem\/media_whatsapp-image-2025-10-13-at-10-42-41-1_cb58efc95b55c5ae443b847dee3.jpeg\u0022 alt=\u0022whatsapp-image-2025-10-13-at-10-42-41-1_cb58efc95b55c5ae443b847dee3.jpeg\u0022 width=\u0022600\u0022 height=\u0022450\u0022 \/\u003E \u003Cimg src=\u0022https:\/\/malhador.se.gov.br\/img\/imagem\/media_whatsapp-image-2025-10-13-at-10-42-39_b9d020c72835080d8330504c9.jpeg\u0022 alt=\u0022whatsapp-image-2025-10-13-at-10-42-39_b9d020c72835080d8330504c9.jpeg\u0022 width=\u0022600\u0022 height=\u0022450\u0022 \/\u003E\u003C\/p\u003E","publicacao":"2025-10-13 10:46:51","criado":"2025-10-13 10:46:51","alterado":"2025-10-13 10:46:51"},{"id":311,"autor_id":"2","autor":{"id":2,"nome":"SECOM","email":"secom@malhador.se.govbr"},"titulo":"Marco Hist\u00f3rico: Malhador entra no Mapa do Turismo Nacional e garante acesso a incentivos federais","slug":"marco-historico-malhador-entra-no-mapa-do-turismo-nacional-e-garante-acesso-a-incentivos-federais","subtitulo":"Essa \u00e9 a primeira vez na hist\u00f3ria que o munic\u00edpio consegue o feito","imagem":"\/img\/imagem\/whatsapp-image-2025-10-02-at-17-03-29_a29d4d69342428286bbadf3a.jpeg,\/img\/imagem\/media_whatsapp-image-2025-10-02-at-17-03-29_a29d4d69342428286bbadf3a.jpeg,\/img\/imagem\/thumb_whatsapp-image-2025-10-02-at-17-03-29_a29d4d69342428286bbadf3a.jpeg,\/img\/imagem\/thumb_fix_whatsapp-image-2025-10-02-at-17-03-29_a29d4d69342428286bbadf3a.jpeg","texto":"\u003Cp style=\u0022text-align: justify;\u0022\u003EO munic\u0026iacute;pio de Malhador foi oficialmente inclu\u0026iacute;do no Mapa do Turismo Brasileiro, plataforma coordenada pelo Minist\u0026eacute;rio do Turismo. A conquista, anunciada na \u0026uacute;ltima quarta-feira, eleva a cidade a um novo patamar de reconhecimento.\u003C\/p\u003E\r\n\u003Cp style=\u0022text-align: justify;\u0022\u003ECom a inser\u0026ccedil;\u0026atilde;o, Malhador passa a ser reconhecido como cidade de potencial tur\u0026iacute;stico, ganhando acesso imediato a incentivos e recursos federais. Este \u0026eacute; o principal impacto, possibilitando investimentos em infraestrutura tur\u0026iacute;stica, capacita\u0026ccedil;\u0026atilde;o profissional e projetos de desenvolvimento local.\u003C\/p\u003E\r\n\u003Cp style=\u0022text-align: justify;\u0022\u003EO prefeito Assisinho destacou que essa vit\u0026oacute;ria \u0026eacute; de toda a comunidade: \u0022Essa conquista \u0026eacute; nossa, essa conquista \u0026eacute; do povo de Malhador. Agora, com esse reconhecimento, temos a oportunidade real de alavancar nossa economia, gerar empregos e mostrar o potencial da nossa cultura e belezas naturais para todo o pa\u0026iacute;s.\u0022\u003C\/p\u003E\r\n\u003Cp style=\u0022text-align: justify;\u0022\u003EA expectativa \u0026eacute; que o munic\u0026iacute;pio inicie agora o planejamento estrat\u0026eacute;gico para utilizar os recursos e consolidar Malhador como um novo destino tur\u0026iacute;stico em Sergipe.\u003Cbr \/\u003E\u003Cbr \/\u003E\u003Cimg style=\u0022display: block; margin-left: auto; margin-right: auto;\u0022 src=\u0022https:\/\/malhador.se.gov.br\/img\/imagem\/media_whatsapp-image-2025-10-02-at-17-03-29_ad8549b6708bbea64c7d8e7.jpeg\u0022 alt=\u0022whatsapp-image-2025-10-02-at-17-03-29_ad8549b6708bbea64c7d8e7.jpeg\u0022 width=\u0022366\u0022 height=\u0022643\u0022 \/\u003E\u003C\/p\u003E","publicacao":"2025-10-03 09:48:02","criado":"2025-10-03 09:48:02","alterado":"2025-10-03 09:48:02"},{"id":310,"autor_id":"2","autor":{"id":2,"nome":"SECOM","email":"secom@malhador.se.govbr"},"titulo":"De Malhador para o Brasil: vacina contra a esquistossomose \u00e9 realidade em projeto pioneiro","slug":"de-malhador-para-o-brasil-vacina-contra-a-esquistossomose-e-realidade-em-projeto-pioneiro","subtitulo":"Pesquisas realizadas no Assentamento Marcelo D\u00e9da resultaram na cria\u00e7\u00e3o da vacina contra a esquistossomose, que agora segue para aprova\u00e7\u00e3o da Anvisa.","imagem":"\/img\/imagem\/img-3935_3dd6ccbdb2f13be1dd82264d.jpg,\/img\/imagem\/media_img-3935_3dd6ccbdb2f13be1dd82264d.jpg,\/img\/imagem\/thumb_img-3935_3dd6ccbdb2f13be1dd82264d.jpg,\/img\/imagem\/thumb_fix_img-3935_3dd6ccbdb2f13be1dd82264d.jpg","texto":"\u003Cp\u003EA Prefeitura de Malhador, em parceria com a Fiocruz e a Universidade Federal de Sergipe (UFS), viveu um dia hist\u0026oacute;rico na \u0026uacute;ltima quarta-feira. Na ocasi\u0026atilde;o, representantes das duas institui\u0026ccedil;\u0026otilde;es se reuniram na Cl\u0026iacute;nica de Sa\u0026uacute;de Padre Ant\u0026ocirc;nio Rezende para a apresenta\u0026ccedil;\u0026atilde;o dos resultados da pesquisa e an\u0026uacute;ncio dos pr\u0026oacute;ximos passos. Ap\u0026oacute;s quatro meses de intensos estudos no Assentamento Marcelo D\u0026eacute;da, o munic\u0026iacute;pio se tornou palco de uma conquista in\u0026eacute;dita, a cria\u0026ccedil;\u0026atilde;o da vacina contra a esquistossomose.\u003C\/p\u003E\r\n\u003Cp\u003EAs pesquisas, conduzidas de forma pioneira no territ\u0026oacute;rio malhadorense, contaram com a participa\u0026ccedil;\u0026atilde;o direta da comunidade local e marcaram um novo cap\u0026iacute;tulo na luta contra uma das doen\u0026ccedil;as parasit\u0026aacute;rias mais persistentes do pa\u0026iacute;s.\u003C\/p\u003E\r\n\u003Cp\u003EO projeto, que agora segue para aprova\u0026ccedil;\u0026atilde;o da Ag\u0026ecirc;ncia Nacional de Vigil\u0026acirc;ncia Sanit\u0026aacute;ria (Anvisa), representa uma esperan\u0026ccedil;a concreta para milh\u0026otilde;es de brasileiros. Em breve, a vacina estar\u0026aacute; dispon\u0026iacute;vel em todo o territ\u0026oacute;rio nacional, levando mais sa\u0026uacute;de e qualidade de vida \u0026agrave; popula\u0026ccedil;\u0026atilde;o.\u003C\/p\u003E\r\n\u003Cp\u003EPara o prefeito \u003Cem\u003EAssisinho\u003C\/em\u003E, o feito refor\u0026ccedil;a o papel de Malhador como refer\u0026ecirc;ncia em iniciativas de grande impacto:\u003C\/p\u003E\r\n\u003Cp\u003E\u003Cstrong\u003E\u0026ldquo;Mais uma vez, mostramos que nossa cidade pode ser piloto de projetos transformadores. De Malhador para o Brasil, estamos dando um passo hist\u0026oacute;rico para a sa\u0026uacute;de p\u0026uacute;blica.\u0026rdquo;\u003Cbr \/\u003E\u003C\/strong\u003E\u003Cbr \/\u003ECom essa conquista, Malhador inscreve seu nome no mapa das grandes inova\u0026ccedil;\u0026otilde;es em sa\u0026uacute;de, mostrando que, mesmo sendo um munic\u0026iacute;pio do interior, \u0026eacute; poss\u0026iacute;vel ser protagonista de avan\u0026ccedil;os que ultrapassam fronteiras e beneficiam todo o pa\u0026iacute;s.\u003Cbr \/\u003E\u003Cbr \/\u003E\u003Cimg style=\u0022display: block; margin-left: auto; margin-right: auto;\u0022 src=\u0022https:\/\/malhador.se.gov.br\/img\/imagem\/media_img-3935_3dd6ccbdb2f13be1dd82264d.jpg\u0022 alt=\u0022img-3935_3dd6ccbdb2f13be1dd82264d.jpg\u0022 width=\u0022600\u0022 height=\u0022450\u0022 \/\u003E\u003C\/p\u003E","publicacao":"2025-09-18 13:12:28","criado":"2025-09-18 13:12:28","alterado":"2025-09-18 13:12:28"},{"id":309,"autor_id":"2","autor":{"id":2,"nome":"SECOM","email":"secom@malhador.se.govbr"},"titulo":"Uniformes novos d\u00e3o mais brilho \u00e0s atividades do Grupo da Melhor Idade em Malhador","slug":"uniformes-novos-dao-mais-brilho-as-atividades-do-grupo-da-melhor-idade-em-malhador","subtitulo":"Entrega realizada pela Secretaria de Assist\u00eancia Social garante mais conforto, seguran\u00e7a e identidade para a turma de hidromassagem do SCFV","imagem":"\/img\/imagem\/whatsapp-image-2025-09-12-at-09-26-47-1_aa0d4c188b92c69759d0e6f.jpeg,\/img\/imagem\/media_whatsapp-image-2025-09-12-at-09-26-47-1_aa0d4c188b92c69759d0e6f.jpeg,\/img\/imagem\/thumb_whatsapp-image-2025-09-12-at-09-26-47-1_aa0d4c188b92c69759d0e6f.jpeg,\/img\/imagem\/thumb_fix_whatsapp-image-2025-09-12-at-09-26-47-1_aa0d4c188b92c69759d0e6f.jpeg","texto":"\u003Cp\u003EO in\u0026iacute;cio da manh\u0026atilde; desta sexta-feira, 12, foi marcada por alegria e muita energia com o grupo Melhor idade do Servi\u0026ccedil;o de Conviv\u0026ecirc;ncia e Fortalecimento de V\u0026iacute;nculos (SCFV). A Prefeitura de Malhador, por meio da Secretaria Municipal de Assist\u0026ecirc;ncia Social, realizou a entrega dos novos uniformes para a turma de hidrogin\u0026aacute;stica.\u003C\/p\u003E\r\n\u003Cp\u003E\u003Cimg style=\u0022float: right;\u0022 src=\u0022https:\/\/malhador.se.gov.br\/img\/imagem\/whatsapp-image-2025-09-12-at-09-26-45_19f45a4ee030bf08dd6090.jpeg\u0022 alt=\u0022whatsapp-image-2025-09-12-at-09-26-45_19f45a4ee030bf08dd6090.jpeg\u0022 width=\u0022459\u0022 height=\u0022344\u0022 \/\u003E\u003C\/p\u003E\r\n\u003Cp\u003E\u0026nbsp;\u003C\/p\u003E\r\n\u003Cp\u003EA a\u0026ccedil;\u0026atilde;o teve como objetivo oferecer mais conforto, seguran\u0026ccedil;a e identidade aos participantes, que agora contam com roupas adequadas para as atividades realizadas na piscina. O momento tamb\u0026eacute;m refor\u0026ccedil;ou a import\u0026acirc;ncia das pol\u0026iacute;ticas p\u0026uacute;blicas voltadas para a valoriza\u0026ccedil;\u0026atilde;o e o bem-estar dos idosos, estimulando a pr\u0026aacute;tica de atividades f\u0026iacute;sicas e a socializa\u0026ccedil;\u0026atilde;o.\u003Cbr \/\u003E\u003Cbr \/\u003E\u003C\/p\u003E\r\n\u003Cp\u003EO grupo, conhecido pela disposi\u0026ccedil;\u0026atilde;o e entusiasmo, comemorou a novidade. \u0026ldquo;\u003Cstrong\u003E\u0026Eacute; gratificante ver a felicidade estampada no rosto de cada um deles. Esses pequenos gestos fazem uma grande diferen\u0026ccedil;a na autoestima e no cuidado com a sa\u0026uacute;de\u003C\/strong\u003E\u0026rdquo;, destacou a equipe da Secret\u0026aacute;ria de Assist\u0026ecirc;ncia Social, Tamiris Andrade.\u003C\/p\u003E\r\n\u003Cp\u003ECom o uniforme completo, os integrantes da turma est\u0026atilde;o prontos para continuar aproveitando os benef\u0026iacute;cios da hidrogin\u0026aacute;stica, que al\u0026eacute;m de promover relaxamento, contribui para a qualidade de vida e fortalecimento do conv\u0026iacute;vio social.\u003C\/p\u003E\r\n\u003Cp\u003E\u0026nbsp;\u003C\/p\u003E\r\n\u003Cp\u003E\u003Cimg src=\u0022https:\/\/malhador.se.gov.br\/img\/imagem\/media_whatsapp-image-2025-09-12-at-09-26-47-1_aa0d4c188b92c69759d0e6f.jpeg\u0022 alt=\u0022whatsapp-image-2025-09-12-at-09-26-47-1_aa0d4c188b92c69759d0e6f.jpeg\u0022 width=\u0022600\u0022 height=\u0022450\u0022 \/\u003E \u003Cimg src=\u0022https:\/\/malhador.se.gov.br\/img\/imagem\/media_whatsapp-image-2025-09-12-at-09-26-47_bacec0d14515008037397d0.jpeg\u0022 alt=\u0022whatsapp-image-2025-09-12-at-09-26-47_bacec0d14515008037397d0.jpeg\u0022 width=\u0022600\u0022 height=\u0022450\u0022 \/\u003E\u003C\/p\u003E","publicacao":"2025-09-12 09:37:30","criado":"2025-09-12 09:37:30","alterado":"2025-09-12 09:37:30"},{"id":308,"autor_id":"2","autor":{"id":2,"nome":"SECOM","email":"secom@malhador.se.govbr"},"titulo":"Agricultura de Malhador \u00e9 fortalecida com a conquista de mais um trator","slug":"agricultura-de-malhador-e-fortalecida-com-a-conquista-de-mais-um-trator","subtitulo":"Novo equipamento, fruto de emenda parlamentar, refor\u00e7a o apoio ao homem do campo e fortalece a produ\u00e7\u00e3o agr\u00edcola em Malhador","imagem":"\/img\/imagem\/img-3407-1_a83e8c4123c526b7ac4db6a.jpg,\/img\/imagem\/media_img-3407-1_a83e8c4123c526b7ac4db6a.jpg,\/img\/imagem\/thumb_img-3407-1_a83e8c4123c526b7ac4db6a.jpg,\/img\/imagem\/thumb_fix_img-3407-1_a83e8c4123c526b7ac4db6a.jpg","texto":"\u003Cp\u003ENa \u0026uacute;ltima quinta-feira, 4, o munic\u0026iacute;pio de Malhador deu mais um passo importante no fortalecimento da agricultura local. A cidade recebeu um novo trator fruto de emendas destinadas pela deputada federal Katarina Feitosa, equipamento que vai refor\u0026ccedil;ar o trabalho de mecaniza\u0026ccedil;\u0026atilde;o agr\u0026iacute;cola e garantir mais apoio aos produtores rurais.\u003C\/p\u003E\r\n\u003Cp\u003EA cerim\u0026ocirc;nia de entrega aconteceu no DNIT e contou com a presen\u0026ccedil;a do prefeito Assisinho, do vice-prefeito Floro Jr., do vereador Tonho de Dete e da secret\u0026aacute;ria de Agricultura, Brunella Menezes.\u003C\/p\u003E\r\n\u003Cp\u003ESegundo a gest\u0026atilde;o municipal, o novo trator ser\u0026aacute; utilizado em a\u0026ccedil;\u0026otilde;es voltadas para ampliar a produ\u0026ccedil;\u0026atilde;o agr\u0026iacute;cola na regi\u0026atilde;o do povoado Alecrim, como parte inicial das a\u0026ccedil;\u0026otilde;es de regionaliza\u0026ccedil;\u0026atilde;o da agricultura que chegar\u0026aacute; tamb\u0026eacute;m as demais regi\u0026otilde;es.\u003C\/p\u003E\r\n\u003Cp\u003EO prefeito Assisinho destacou a import\u0026acirc;ncia da conquista: \u0026ldquo;Esse trator chega para somar e dar mais suporte ao nosso homem e mulher do campo. Malhador segue firme no compromisso de valorizar e incentivar a agricultura, setor que \u0026eacute; a base da nossa economia e da nossa hist\u0026oacute;ria\u0026rdquo;.\u003C\/p\u003E\r\n\u003Cp\u003ECom a chegada do novo equipamento, a Prefeitura refor\u0026ccedil;a o compromisso de investir no desenvolvimento rural e de oferecer melhores condi\u0026ccedil;\u0026otilde;es para que os agricultores continuem produzindo com qualidade e gerando renda para o munic\u0026iacute;pio.\u003Cbr \/\u003E\u003Cbr \/\u003E\u003Cimg style=\u0022display: block; margin-left: auto; margin-right: auto;\u0022 src=\u0022https:\/\/malhador.se.gov.br\/img\/imagem\/media_img-3407-1_a83e8c4123c526b7ac4db6a.jpg\u0022 alt=\u0022img-3407-1_a83e8c4123c526b7ac4db6a.jpg\u0022 width=\u0022600\u0022 height=\u0022450\u0022 \/\u003E\u003C\/p\u003E","publicacao":"2025-09-09 08:51:25","criado":"2025-09-09 08:51:25","alterado":"2025-09-09 08:51:25"},{"id":307,"autor_id":"2","autor":{"id":2,"nome":"SECOM","email":"secom@malhador.se.govbr"},"titulo":"Quadra de Esportes Raimundo Rodrigues de Lima passa por grande reforma","slug":"quadra-de-esportes-raimundo-rodrigues-de-lima-passa-por-grande-reforma","subtitulo":"Requalifica\u00e7\u00e3o inclui acessibilidade, ilumina\u00e7\u00e3o em LED e moderniza\u00e7\u00e3o da estrutura para fortalecer o esporte e o lazer em Malhador","imagem":"\/img\/imagem\/img-3088_c4c5c78fe87b6a383c0399900cd24.jpg,\/img\/imagem\/media_img-3088_c4c5c78fe87b6a383c0399900cd24.jpg,\/img\/imagem\/thumb_img-3088_c4c5c78fe87b6a383c0399900cd24.jpg,\/img\/imagem\/thumb_fix_img-3088_c4c5c78fe87b6a383c0399900cd24.jpg","texto":"\u003Cp\u003EA Prefeitura de Malhador iniciou uma ampla requalifica\u0026ccedil;\u0026atilde;o na Quadra de Esportes Raimundo Rodrigues de Lima, espa\u0026ccedil;o que h\u0026aacute; anos \u0026eacute; palco de pr\u0026aacute;ticas esportivas e atividades escolares. O objetivo da reforma \u0026eacute; modernizar a estrutura, garantir acessibilidade e proporcionar mais conforto e seguran\u0026ccedil;a para atletas e popula\u0026ccedil;\u0026atilde;o em geral.\u003C\/p\u003E\r\n\u003Cp\u003EEntre os principais servi\u0026ccedil;os em andamento est\u0026atilde;o a recupera\u0026ccedil;\u0026atilde;o de toda a estrutura f\u0026iacute;sica, a amplia\u0026ccedil;\u0026atilde;o da cobertura e a requalifica\u0026ccedil;\u0026atilde;o completa dos vesti\u0026aacute;rios. Outro destaque \u0026eacute; a constru\u0026ccedil;\u0026atilde;o de banheiros com acessibilidade, atendendo a uma demanda importante para inclus\u0026atilde;o e valoriza\u0026ccedil;\u0026atilde;o de todos os cidad\u0026atilde;os.\u003C\/p\u003E\r\n\u003Cp\u003EAl\u0026eacute;m disso, o piso da quadra est\u0026aacute; receber\u0026aacute; nova pintura e a ilumina\u0026ccedil;\u0026atilde;o convencional est\u0026aacute; sendo substitu\u0026iacute;da por um moderno sistema em LED, que garante melhor visibilidade e economia de energia.\u003Cbr \/\u003E\u003Cbr \/\u003E\u003Cimg style=\u0022display: block; margin-left: auto; margin-right: auto;\u0022 src=\u0022https:\/\/malhador.se.gov.br\/img\/imagem\/media_img-3088_c4c5c78fe87b6a383c0399900cd24.jpg\u0022 alt=\u0022img-3088_c4c5c78fe87b6a383c0399900cd24.jpg\u0022 width=\u0022600\u0022 height=\u0022450\u0022 \/\u003E\u003C\/p\u003E","publicacao":"2025-08-30 14:42:48","criado":"2025-08-30 14:42:48","alterado":"2025-08-30 14:42:48"}],"busca":null}