{"pandemia":{"populacao_total":"12265","dose_recebidas":"22181","primeira_dose":"10304","segunda_dose":"8390","dose_unica":"124","dose_reforco":"3163","covid_cidade_confirmado":"1061","covid_cidade_curados":"1032","covid_cidade_negativo":"2320","covid_cidade_obito":"29","covid_estado_confirmado":"267107","covid_estado_curados":"251011","covid_estado_negativo":"282706","covid_estado_obito":"5779","covid_brasil_confirmado":"18169881","covid_brasil_obito":"507109","covid_mundo_confirmado":"179541481","covid_mundo_obito":"3890437"},"busca":{"antesedepois":{"paginacao":{"atual":1,"proxima":0,"anterior":0,"total_registros":0,"total_paginas":1},"itens":[]},"atos":{"paginacao":{"atual":1,"proxima":2,"anterior":0,"total_registros":5,"total_paginas":2},"itens":[{"id":515,"titulo":"\u0022Disp\u00f5e sobre medidas de restri\u00e7\u00e3o e enfrentamento ao novo coronavirus (COVID-19), de car\u00e1ter temporal e especifico, nos termos da Resolu\u00e7\u00f5es n\u00b0 11, de 04 de Mar\u00e7o de 2021 e n\u00b0 12, de 11 de Mar\u00e7o de 2021, e d\u00e1 outras provid\u00eancias\u0022","numero":"063\/2021","categoria_id":4,"data":"2021-03-13 00:00:00","slug":"dispoe-sobre-medidas-de-restricao-e-enfrentamento-ao-novo-coronavirus-covid-19-de-carater-temporal-e-especifico-nos-termos-da-resolucoes-n0-11-de-04-de-marco-de-2021-e-n0-12-de-11-de-marco-de-2021-e-da-outras-providencias","texto":"\u0022Disp\u00f5e sobre medidas de restri\u00e7\u00e3o e enfrentamento ao novo coronavirus (COVID-19), de car\u00e1ter temporal e especifico, nos termos da Resolu\u00e7\u00f5es n\u00b0 11, de 04 de Mar\u00e7o de 2021 e n\u00b0 12, de 11 de Mar\u00e7o de 2021, e d\u00e1 outras provid\u00eancias\u0022","criado":"2021-04-07 15:38:31","alterado":"2021-04-07 15:38:31"},{"id":512,"titulo":"\u0022Institui Comiss\u00e3o Municipal de Gerenciamento de Protocolos para o retorto das aulas presenciais, em face \u00e0 Pandemia do COVID19 - CMGP no Munic\u00edpio de Malhador\u0022","numero":"048\/2021","categoria_id":4,"data":"2021-01-27 00:00:00","slug":"institui-comissao-municipal-de-gerenciamento-de-protocolos-para-o-retorto-das-aulas-presenciais-em-face-a-pandemia-do-covid19-cmgp-no-municipio-de-malhador","texto":"\u0022Institui Comiss\u00e3o Municipal de Gerenciamento de Protocolos para o retorto das aulas presenciais, em face \u00e0 Pandemia do COVID19 - CMGP no Munic\u00edpio de Malhador\u0022","criado":"2021-04-07 15:38:31","alterado":"2021-04-07 15:38:31"},{"id":467,"titulo":"\u0022\u0022 Referente ao projeto de lei de n\u00ba 28\/2020 que concede isen\u00e7\u00e3o de taxa pelo uso do espa\u00e7o no mercado municipal, nas feiras livres deste munic\u00edpio - Pandemia da COVID-19, - Decretos no \u00ba.89 de 17\/03\/2020 e NO \u00ba.92 de 26\/03\/2020 d\u00e3o provid\u00eancias correlatas\u0022 \u0022","numero":"516\/2020","categoria_id":5,"data":"2020-09-08 00:00:00","slug":"referente-ao-projeto-de-lei-de-no-28-2020-que-concede-isencao-de-taxa-pelo-uso-do-espaco-no-mercado-municipal-nas-feiras-livres-deste-municipio-pandemia-da-covid-19-decretos-no-o-89-de-17-03-2020-e-no-o-92-de-26-03-2020-dao-providencias-correlatas","texto":"\u0022\u0022 Referente ao projeto de lei de n\u00ba 28\/2020 que concede isen\u00e7\u00e3o de taxa pelo uso do espa\u00e7o no mercado municipal, nas feiras livres deste munic\u00edpio - Pandemia da COVID-19, - Decretos no \u00ba.89 de 17\/03\/2020 e NO \u00ba.92 de 26\/03\/2020 d\u00e3o provid\u00eancias correlatas\u0022 \u0022","criado":"2021-04-07 15:38:29","alterado":"2021-04-07 15:38:29"},{"id":443,"titulo":"\u0022Disp\u00f5e sobre estrat\u00e9gias de enfrentamento e preven\u00e7\u00e3o \u00e0 epidemia causada pelo COVID-19 no Munic\u00edpio de Malhador\/SE, com solu\u00e7\u00e3o de transi\u00e7\u00e3o \u00e0s medidas previstas no Decreto n\u00b0 092, de 26 de mar\u00e7o de 2020, e d\u00e1 outras provid\u00eancias \u0022","numero":"097\/2020","categoria_id":4,"data":"2020-04-17 00:00:00","slug":"dispoe-sobre-estrategias-de-enfrentamento-e-prevencao-a-epidemia-causada-pelo-covid-19-no-municipio-de-malhador-se-com-solucao-de-transicao-as-medidas-previstas-no-decreto-n0-092-de-26-de-marco-de-2020-e-da-outras-providencias","texto":"\u0022Disp\u00f5e sobre estrat\u00e9gias de enfrentamento e preven\u00e7\u00e3o \u00e0 epidemia causada pelo COVID-19 no Munic\u00edpio de Malhador\/SE, com solu\u00e7\u00e3o de transi\u00e7\u00e3o \u00e0s medidas previstas no Decreto n\u00b0 092, de 26 de mar\u00e7o de 2020, e d\u00e1 outras provid\u00eancias \u0022","criado":"2021-04-07 15:38:28","alterado":"2021-04-07 15:38:28"}]},"concurso":{"paginacao":{"atual":1,"proxima":0,"anterior":0,"total_registros":0,"total_paginas":1},"itens":[]},"emenda":{"paginacao":{"atual":1,"proxima":0,"anterior":0,"total_registros":0,"total_paginas":1},"itens":[]},"convenio":{"paginacao":{"atual":1,"proxima":0,"anterior":0,"total_registros":0,"total_paginas":1},"itens":[]},"departamento":{"paginacao":{"atual":1,"proxima":0,"anterior":0,"total_registros":0,"total_paginas":1},"itens":[]},"download":{"paginacao":{"atual":1,"proxima":0,"anterior":0,"total_registros":0,"total_paginas":1},"itens":[]},"evento":{"paginacao":{"atual":1,"proxima":0,"anterior":0,"total_registros":0,"total_paginas":1},"itens":[]},"folha":{"paginacao":{"atual":1,"proxima":0,"anterior":0,"total_registros":0,"total_paginas":1},"itens":[]},"galeria":{"paginacao":{"atual":1,"proxima":0,"anterior":0,"total_registros":0,"total_paginas":1},"itens":[]},"link":{"paginacao":{"atual":1,"proxima":0,"anterior":0,"total_registros":0,"total_paginas":1},"itens":[]},"lei":{"paginacao":{"atual":1,"proxima":2,"anterior":0,"total_registros":10,"total_paginas":3},"itens":[{"id":642,"titulo":"DECRETO N\u00b0 085 DE 02 DE JULHO DE 2021","numero":"085","categoria_id":4,"data":"2021-07-02 11:24:27","aprovada":"2021-07-02 11:24:27","slug":"decreto-n0-085-de-02-de-julho-de-2021","texto":"\u003Cp\u003EProrroga, acrescenta e altera as medidas de restri\u0026ccedil;\u0026atilde;o e enfretamento no novo coronavisrua (COVID-19), de car\u0026aacute;ter temporal e espec\u0026iacute;fico, nos termos da resolu\u0026ccedil;\u0026atilde;o CTCAE n\u0026deg; 24, de 1\u0026deg; de julho de 2021 e d\u0026aacute; outras provid\u0026ecirc;ncias.\u0026nbsp;\u003C\/p\u003E","criado":"2021-07-05 12:12:12","alterado":"2021-07-26 11:24:27"},{"id":637,"titulo":"DECRETO N\u00b083 DE 16 DE JUNHO DE 2021","numero":"83","categoria_id":4,"data":"2021-06-16 12:26:27","aprovada":"2021-06-16 12:26:27","slug":"decreto-n083-de-16-de-junho-de-2021","texto":"\u003Cp\u003EDisp\u0026otilde;e sobre medidas de restri\u0026ccedil;\u0026atilde;o e\u003Cbr \/\u003Eenfrentamento ao novo coronav\u0026iacute;rus\u003Cbr \/\u003E(COVID-19), de car\u0026aacute;ter temporal e\u003Cbr \/\u003Eespec\u0026iacute;fico, nos termos das\u003Cbr \/\u003ERecomenda\u0026ccedil;\u0026otilde;es do Minist\u0026eacute;rio P\u0026uacute;blico do\u003Cbr \/\u003EEstado de Sergipe, e d\u0026aacute; outras\u003Cbr \/\u003Eprovid\u0026ecirc;ncias.\u003C\/p\u003E","criado":"2021-06-16 12:26:27","alterado":"2021-06-16 12:26:27"},{"id":633,"titulo":"DECRETO N\u00b0 79\/2021","numero":"079","categoria_id":4,"data":"2021-06-04 11:52:56","slug":"decreto-n0-79-2021","texto":"\u003Cp\u003EDISP\u0026Otilde;E SOBRE MEDIDAD DE RESTRI\u0026Ccedil;\u0026Atilde;O E ENFRENTAMENTO AO NOVO CORONAV\u0026Iacute;RUS (COVID-19), DE CAR\u0026Aacute;TER TEMPORAL E ESPEC\u0026Iacute;FICO, NOS TERMOS DA RESOLU\u0026Ccedil;\u0026Atilde;O CTCAE N\u0026deg; 21, DE 02 DE JUNHO DE 2021\u003C\/p\u003E","criado":"2021-06-04 13:33:52","alterado":"2022-04-04 11:52:56"},{"id":630,"titulo":"DECRETO N\u00ba 77\/2021 DE 18 DE MAIO DE 2021","numero":"076","categoria_id":4,"data":"2021-05-18 13:19:48","aprovada":"2021-05-18 13:19:48","slug":"decreto-no-77-2021-de-18-de-maio-de-2021","texto":"\u003Cp\u003EDisp\u0026otilde;e sobre medidas de restri\u0026ccedil;\u0026atilde;o e enfrentamento ao novo coronav\u0026iacute;rus (COVID-19), de car\u0026aacute;ter temporal e espec\u0026iacute;fico, nos termos da Resolu\u0026ccedil;\u0026atilde;o CTCAE n\u0026ordm; 18, de 28 de abril de 2021 e d\u0026aacute; outras provid\u0026ecirc;ncias.\u003C\/p\u003E","criado":"2021-05-18 13:19:48","alterado":"2021-05-18 13:19:48"}]},"licitacao":{"paginacao":{"atual":1,"proxima":2,"anterior":0,"total_registros":18,"total_paginas":5},"itens":[{"id":461,"titulo":"DISPENSA 18\/2021 EQUIPE DE APOIO SINDETAS - FMS","numero":"18\/2021","publicacao":"2021-05-03 00:00:00","abertura":"2021-04-20 00:00:00","valor":"52.000,00","objeto":"Contrata\u00e7\u00e3o de empresa na Presta\u00e7\u00e3o de Servi\u00e7os com m\u00e3o de obra de Apoio uniformizada para a Organiza\u00e7\u00e3o e Apoio Log\u00edstico na Execu\u00e7\u00e3o das medidas preventivas no combate ao Covid-19 nos mercados municipais nas realiza\u00e7\u00f5es das feiras do munic\u00edpio de Malhador\/SE, tendo em vista medida de emerg\u00eancia de Sa\u00fade P\u00fablica para enfrentamento da pandemia do novo coronavirus (Covid-19)","orgao_id":2,"categoria_id":6,"tags":"DISPENSA 18\/2021","slug":"dispensa-18-2021-equipe-de-apoio-sindetas-fms","criado":"2021-06-21 08:47:31","alterado":"2021-06-21 08:47:31"},{"id":441,"titulo":"DISPENSA 15\/2021 SPORTO ESTRUTUAS E EVENTOS LTDA - FMS","numero":"15\/2021","valor":"230.880,00","objeto":"Contrata\u00e7\u00e3o de empresa para loca\u00e7\u00e3o de estrutura atinente a instala\u00e7\u00e3o do Centro de Atendimento adequado para pessoas com S\u00edndrome Gripal e Sintomas da COVID-19 no munic\u00edpio de Malhador\/SE","orgao_id":2,"categoria_id":6,"tags":"DISPENSA 152021","slug":"dispensa-15-2021-sporto-estrutuas-e-eventos-ltda-fms","criado":"2021-04-29 12:41:55","alterado":"2021-04-29 12:41:55"},{"id":435,"titulo":"DISPENSA 12\/2021 EQUIPE DE APOIO SINDETAS - FMS","numero":"12\/2021","valor":"16.900,00","objeto":"EQUIPE DE APOIO SINDETAS LTDA - Contrata\u00e7\u00e3o de empresa para a presta\u00e7\u00e3o de servi\u00e7os com m\u00e3o de obra de apoio uniformizado para apoio log\u00edstico na execu\u00e7\u00e3o das medidas preventivas no Combate ao COVID-19, nos mercados municipais no per\u00edodo de 04 dias m\u00eas de mar\u00e7o e 04 dias m\u00eas Abril, totalizando 08 dias, para atender as necessidades da Secretaria municipal de Sa\u00fade","orgao_id":2,"categoria_id":6,"tags":"DISPENSA 12\/2021","slug":"dispensa-12-2021-equipe-de-apoio-sindetas-fms","criado":"2021-04-16 08:11:03","alterado":"2021-04-16 08:11:03"},{"id":362,"titulo":"Contrata\u00e7\u00e3o de empresa para loca\u00e7\u00e3o de estrutura atinente a instala\u00e7\u00e3o do Centro de Atendimento Adequado para as pessoas com S\u00edndrome Gripal e Sintomas da COVID-19 no Munic\u00edpio de Malhador\/Se, tendo em vista medida de emerg\u00eancia de sa\u00fade p\u00fablica para","numero":"24037\/2020","publicacao":"2020-10-15 08:18:56","objeto":"Contrata\u00e7\u00e3o de empresa para loca\u00e7\u00e3o de estrutura atinente a instala\u00e7\u00e3o do Centro de Atendimento Adequado para as pessoas com S\u00edndrome Gripal e Sintomas da COVID-19 no Munic\u00edpio de Malhador\/Se, tendo em vista medida de emerg\u00eancia de sa\u00fade p\u00fablica para","orgao_id":1,"categoria_id":6,"slug":"contratacao-de-empresa-para-locacao-de-estrutura-atinente-a-instalacao-do-centro-de-atendimento-adequado-para-as-pessoas-com-sindrome-gripal-e-sintomas-da-covid-19-no-municipio-de-malhador-se-tendo-em-vista-medida-de-emergencia-de-saude-publica-para","criado":"2021-05-26 11:55:23","alterado":"2021-05-26 11:55:23"}]},"noticia":{"paginacao":{"atual":1,"proxima":2,"anterior":0,"total_registros":16,"total_paginas":4},"itens":[{"id":262,"autor_id":"7","autor":{"id":7,"nome":"Arthur Ferreira","email":"arthurfs15@outlook.com.br"},"titulo":"Divulgado o resultado da primeira etapa do edital da Lei Paulo Gustavo para projetos audiovisuais","slug":"divulgado-o-resultado-da-primeira-etapa-do-edital-da-lei-paulo-gustavo-para-projetos-audiovisuais","subtitulo":"Listagens de candidaturas aprovadas nos editais de projetos audiovisuais foram publicadas nesta quarta-feira (31)","imagem":"\/img\/imagem\/lei-paulo-gustavo_f9f91089070aef3b7a157925886.jpg,\/img\/imagem\/media_lei-paulo-gustavo_f9f91089070aef3b7a157925886.jpg,\/img\/imagem\/thumb_lei-paulo-gustavo_f9f91089070aef3b7a157925886.jpg,\/img\/imagem\/thumb_fix_lei-paulo-gustavo_f9f91089070aef3b7a157925886.jpg","texto":"\u003Cp\u003EA Prefeitura de Malhador, por meio da Secretaria Municipal de Esporte, Cultura, Turismo, Juventude e Comunica\u0026ccedil;\u0026atilde;o divulgou o resultado final dos chamamentos p\u0026uacute;blicos da Lei Paulo Gustavo, voltados a projetos audiovisuais. Os projetos comtemplados ser\u0026atilde;o beneficiados com recursos financeiros do Governo Federal.\u003C\/p\u003E\r\n\u003Cp\u003E\u0022A Lei Paulo Gustavo \u0026eacute; um marco para a cultura. Estamos investindo na diversidade, no talento de nossos artistas e na promo\u0026ccedil;\u0026atilde;o de projetos que impactem positivamente a nossa comunidade.\u0022, afirmou o Secret\u0026aacute;rio Municipal de Esporte, Cultura, Turismo, Juventude e Comunica\u0026ccedil;\u0026atilde;o, Arthur Ferreira.\u003C\/p\u003E\r\n\u003Cp\u003EA Lei Complementar n\u0026ordm; 195, de 08 de julho de 2022 (Lei Paulo Gustavo) viabiliza o maior investimento direto no setor cultural da hist\u0026oacute;ria do Brasil e simboliza o processo de resist\u0026ecirc;ncia da classe art\u0026iacute;stica durante a pandemia da Covid-19, que limitou severamente as atividades do setor cultural. \u0026Eacute;, ainda, uma homenagem a Paulo Gustavo, artista s\u0026iacute;mbolo da categoria, vitimado pela doen\u0026ccedil;a.\u003C\/p\u003E\r\n\u003Cp\u003E\u003Ca title=\u0022CLIQUE AQUI E CONFIRA O RESULTADO\u0022 href=\u0022https:\/\/malhador.se.gov.br\/download\/resultado-paulo-gustavo-assinado-1_cd72b29b54eac45ced9b2937.pdf\u0022 target=\u0022_blank\u0022 rel=\u0022noopener\u0022\u003E\u003Cstrong\u003ECLIQUE AQUI E CONFIRA O RESULTADO\u003C\/strong\u003E\u003C\/a\u003E\u003C\/p\u003E","publicacao":"2024-01-31 20:41:30","criado":"2024-01-31 20:41:30","alterado":"2024-01-31 20:41:30"},{"id":186,"autor_id":"7","autor":{"id":7,"nome":"Arthur Ferreira","email":"arthurfs15@outlook.com.br"},"titulo":"Sa\u00fade na Feira: prefeitura inicia programa atendendo cerca de 200 malhadorenses","slug":"saude-na-feira-prefeitura-inicia-programa-atendendo-cerca-de-200-malhadorenses","subtitulo":"A\u00e7\u00e3o realizada durante a feira-livre do munic\u00edpio contou com ades\u00e3o massiva da popula\u00e7\u00e3o","imagem":"\/img\/imagem\/img-0746_4203f269f41b2c1e8ba4.jpg,\/img\/imagem\/media_img-0746_4203f269f41b2c1e8ba4.jpg,\/img\/imagem\/thumb_img-0746_4203f269f41b2c1e8ba4.jpg,\/img\/imagem\/thumb_fix_img-0746_4203f269f41b2c1e8ba4.jpg","texto":"\u003Cp\u003E\u0022Sa\u0026uacute;de na Feira\u0022 \u0026eacute; o novo programa que est\u0026aacute; chegando com o objetivo de levar sa\u0026uacute;de e bem-estar a todos os malhadorenses e teve in\u0026iacute;cio na manh\u0026atilde; desta segunda-feira, 30. Com servi\u0026ccedil;os como doa\u0026ccedil;\u0026atilde;o de \u0026oacute;culos e cestas b\u0026aacute;sicas, exames de vista, aferi\u0026ccedil;\u0026atilde;o de press\u0026atilde;o arterial e glicemia, al\u0026eacute;m da vacina\u0026ccedil;\u0026atilde;o contra a COVID-19, o programa quer garantir que as pessoas tenham acesso a cuidados de sa\u0026uacute;de de maneira r\u0026aacute;pida e f\u0026aacute;cil, sempre uma vez por m\u0026ecirc;s.\u003C\/p\u003E\r\n\u003Cp\u003E\u003Cimg src=\u0022https:\/\/malhador.se.gov.br\/img\/imagem\/thumb_img-0746_4203f269f41b2c1e8ba4.jpg\u0022 alt=\u0022img-0746_4203f269f41b2c1e8ba4.jpg\u0022 width=\u0022300\u0022 height=\u0022225\u0022 \/\u003E \u003Cimg src=\u0022https:\/\/malhador.se.gov.br\/img\/imagem\/thumb_img-0762_e1696cb0093820edca5fcb914700.jpg\u0022 alt=\u0022img-0762_e1696cb0093820edca5fcb914700.jpg\u0022 width=\u0022300\u0022 height=\u0022225\u0022 \/\u003E \u003Cimg src=\u0022https:\/\/malhador.se.gov.br\/img\/imagem\/thumb_img-0862_6975d55e68c5b463a5f83a.jpg\u0022 alt=\u0022img-0862_6975d55e68c5b463a5f83a.jpg\u0022 width=\u0022300\u0022 height=\u0022225\u0022 \/\u003E\u003C\/p\u003E\r\n\u003Cp\u003E\u0026ldquo;Este \u0026eacute; um momento de muita import\u0026acirc;ncia para a sa\u0026uacute;de da popula\u0026ccedil;\u0026atilde;o, j\u0026aacute; que muitas pessoas n\u0026atilde;o t\u0026ecirc;m tem tempo de buscar o acesso a servi\u0026ccedil;os de sa\u0026uacute;de. Realizar o \u0022Sa\u0026uacute;de na Feira\u0022, \u0026eacute; levar a essas pessoas um atendimento de forma r\u0026aacute;pida e eficiente\u0026rdquo;, comemora a Secret\u0026aacute;ria Municipal de Sa\u0026uacute;de, Luanna Costa.\u003C\/p\u003E\r\n\u003Cp\u003EPara o prefeito Assisinho, \u0026ldquo;o in\u0026iacute;cio marcou o come\u0026ccedil;o da execu\u0026ccedil;\u0026atilde;o do nosso planejamento anual, com obras nos quatro cantos da cidade e cuidado o tempo inteiro com cada malhadorense, o povo de Malhador tem muito o que comemorar\u0026rdquo;.\u003C\/p\u003E","publicacao":"2023-01-31 09:49:00","criado":"2023-01-31 09:49:13","alterado":"2023-01-31 09:51:27"},{"id":183,"autor_id":"7","autor":{"id":7,"nome":"Arthur Ferreira","email":"arthurfs15@outlook.com.br"},"titulo":"Sa\u00fade na Feira \u00e9 o novo programa da Prefeitura Municipal de Malhador","slug":"saude-na-feira-e-o-novo-programa-da-prefeitura-municipal-de-malhador","subtitulo":"A\u00e7\u00e3o levar\u00e1 diversos servi\u00e7os dispon\u00edveis para a popula\u00e7\u00e3o que n\u00e3o procura regularmente as unidades de sa\u00fade do munic\u00edpio","imagem":"\/img\/imagem\/saude-na-feira-site-1_9d1aa591e35060405bab78.png,\/img\/imagem\/media_saude-na-feira-site-1_9d1aa591e35060405bab78.png,\/img\/imagem\/thumb_saude-na-feira-site-1_9d1aa591e35060405bab78.png,\/img\/imagem\/thumb_fix_saude-na-feira-site-1_9d1aa591e35060405bab78.png","texto":"\u003Cp\u003EA Prefeitura Municipal de Malhador, atrav\u0026eacute;s da Secretaria de Sa\u0026uacute;de, lan\u0026ccedil;ar\u0026aacute; na pr\u0026oacute;xima segunda-feira, 30, o programa \u0022Sa\u0026uacute;de na Feira\u0022, que oferecer\u0026aacute; exames de vista gratuitos e doa\u0026ccedil;\u0026atilde;o de \u0026oacute;culos, al\u0026eacute;m de aferi\u0026ccedil;\u0026atilde;o da press\u0026atilde;o, glicemia e vacina\u0026ccedil;\u0026atilde;o contra a Covid-19. O evento ser\u0026aacute; realizado durante a feira livre do munic\u0026iacute;pio.\u0026nbsp;\u003C\/p\u003E\r\n\u003Cp\u003EDe acordo com a Secret\u0026aacute;ria de Sa\u0026uacute;de, Luanna Costa, \u0026ldquo;ser\u0026atilde;o disponibilizados profissionais especializados para realizar os exames de vista e aferir a press\u0026atilde;o e glicemia. Al\u0026eacute;m disso, ser\u0026aacute; poss\u0026iacute;vel receber a vacina\u0026ccedil;\u0026atilde;o contra a Covid-19, garantindo ainda mais seguran\u0026ccedil;a e preven\u0026ccedil;\u0026atilde;o \u0026agrave; popula\u0026ccedil;\u0026atilde;o.\u0026rdquo;\u003C\/p\u003E\r\n\u003Cp\u003E\u0026nbsp;\u003C\/p\u003E\r\n\u003Cp\u003E\u003Cimg style=\u0022display: block; margin-left: auto; margin-right: auto;\u0022 src=\u0022https:\/\/malhador.se.gov.br\/img\/imagem\/media_saude-na-feira-site-1_9d1aa591e35060405bab78.png\u0022 alt=\u0022saude-na-feira-site-1_9d1aa591e35060405bab78.png\u0022 width=\u0022600\u0022 height=\u0022375\u0022 \/\u003E\u003C\/p\u003E\r\n\u003Cp\u003EO programa tem como objetivo ampliar o acesso \u0026agrave; sa\u0026uacute;de da popula\u0026ccedil;\u0026atilde;o, especialmente aqueles que vivem em \u0026aacute;reas distantes e t\u0026ecirc;m dificuldade de se deslocar at\u0026eacute; os postos de sa\u0026uacute;de e os que que n\u0026atilde;o busca regularmente os servi\u0026ccedil;os de sa\u0026uacute;de do munic\u0026iacute;pio. Com a realiza\u0026ccedil;\u0026atilde;o do programa \u0022Sa\u0026uacute;de na Feira\u0022, ser\u0026aacute; poss\u0026iacute;vel oferecer servi\u0026ccedil;os de sa\u0026uacute;de de qualidade e acess\u0026iacute;veis a todos.\u003C\/p\u003E\r\n\u003Cp\u003EA popula\u0026ccedil;\u0026atilde;o malhadorense poder\u0026aacute; aproveitar este programa uma vez a cada m\u0026ecirc;s, na feira livre da cidade, de 8h \u0026agrave;s 11h, e contar com todas essas possibilidades de cuidado com sua sa\u0026uacute;de. Os demais servi\u0026ccedil;os de sa\u0026uacute;de do munic\u0026iacute;pio seguem sendo ofertados com regularidade em todas as Unidades de Sa\u0026uacute;de, bem como na Cl\u0026iacute;nica de Sa\u0026uacute;de da Fam\u0026iacute;lia.\u003C\/p\u003E","publicacao":"2023-01-26 08:29:27","criado":"2023-01-26 08:29:27","alterado":"2023-01-26 08:29:27"},{"id":132,"autor_id":"2","autor":{"id":2,"nome":"SECOM","email":"secom@malhador.se.govbr"},"titulo":"Tricolor Alecriense vence o Guarani na abertura da Copa Malhador de Futebol","slug":"tricolor-alecriense-vence-o-guarani-na-abertura-da-copa-malhador-de-futebol","subtitulo":"Evento que homenageia o saudoso desportista Jos\u00e9 Luiz de Oliveira foi iniciado com festa em Malhador","imagem":"\/img\/imagem\/img-0273-easy-resize-com_96ae8ff985ee988636d85b06.jpg,\/img\/imagem\/media_img-0273-easy-resize-com_96ae8ff985ee988636d85b06.jpg,\/img\/imagem\/thumb_img-0273-easy-resize-com_96ae8ff985ee988636d85b06.jpg,\/img\/imagem\/thumb_fix_img-0273-easy-resize-com_96ae8ff985ee988636d85b06.jpg","texto":"\u003Cp\u003EPopulares lotaram o Est\u0026aacute;dio Floro Alves de Ara\u0026uacute;jo para assistir a abertura e primeira partida da Copa Malhador de Futebol. A tarde do domingo, 23, foi de alegria ao som da Filarm\u0026ocirc;nica Jacinto Figueiredo e de muita emo\u0026ccedil;\u0026atilde;o com as homenagens ao saudoso Jos\u0026eacute; Luiz de Oliveira, desportista que faleceu em Abril de 2021, v\u0026iacute;tima da COVID-19. \u0026nbsp;\u003Cbr \/\u003E\u003Cimg style=\u0022display: block; margin-left: auto; margin-right: auto;\u0022 src=\u0022https:\/\/malhador.se.gov.br\/img\/imagem\/thumb_img-0273-easy-resize-com_96ae8ff985ee988636d85b06.jpg\u0022 alt=\u0022img-0273-easy-resize-com_96ae8ff985ee988636d85b06.jpg\u0022 width=\u0022300\u0022 height=\u0022225\u0022 \/\u003E\u003C\/p\u003E\r\n\u003Cp\u003E\u003Cimg style=\u0022display: block; margin-left: auto; margin-right: auto;\u0022 src=\u0022https:\/\/malhador.se.gov.br\/img\/imagem\/thumb_img-1818-easy-resize-com_bac5cfe11ed729c44af9.jpg\u0022 alt=\u0022img-1818-easy-resize-com_bac5cfe11ed729c44af9.jpg\u0022 width=\u0022300\u0022 height=\u0022225\u0022 \/\u003E\u003Cbr \/\u003E\u0026ldquo;Agrade\u0026ccedil;o imensamente a toda fam\u0026iacute;lia do homenageado, que compareceu em peso ao Est\u0026aacute;dio, \u0026agrave; filarm\u0026ocirc;nica por ter abrilhantado nosso Evento e aos representantes das 14 equipes que disputar\u0026atilde;o, nos pr\u0026oacute;ximos 2 meses a Copa Malhador de Futebol. Juntos, iremos fazer com que o Esporte esteja sempre \u0026agrave; altura da paix\u0026atilde;o do nosso povo\u0026rdquo;, destaca o prefeito Assisinho.\u0026nbsp;\u003Cbr \/\u003E\u0026nbsp;\u003C\/p\u003E\r\n\u003Cp\u003E\u003Cimg style=\u0022display: block; margin-left: auto; margin-right: auto;\u0022 src=\u0022https:\/\/malhador.se.gov.br\/img\/imagem\/thumb_img-1803-easy-resize-com_f064ef4442b92e96ee66.jpg\u0022 alt=\u0022img-1803-easy-resize-com_f064ef4442b92e96ee66.jpg\u0022 width=\u0022300\u0022 height=\u0022225\u0022 \/\u003E\u003C\/p\u003E\r\n\u003Cp\u003E\u003Cimg style=\u0022display: block; margin-left: auto; margin-right: auto;\u0022 src=\u0022https:\/\/malhador.se.gov.br\/img\/imagem\/thumb_img-0259-easy-resize-com_ac67baea4e2c97dd4c51f.jpg\u0022 alt=\u0022img-0259-easy-resize-com_ac67baea4e2c97dd4c51f.jpg\u0022 width=\u0022300\u0022 height=\u0022225\u0022 \/\u003E\u003Cbr \/\u003ECom uma partida que levou as torcidas \u0026agrave; vibra\u0026ccedil;\u0026atilde;o, o Tricolor Alecriense venceu por 5 X 0 o Guarani do povoado Po\u0026ccedil;o Terreiro. Al\u0026eacute;m delas, tamb\u0026eacute;m est\u0026aacute; as equipes do Caru\u0026ecirc; , Guarani do Po\u0026ccedil;o Terreiro, Palmeiras, Pit\u0026uacute;, UKYSS, Supermen, Flamengo do Tingui, S\u0026atilde;o Paulo da Tabua, La Fam\u0026iacute;lia 079, Real S\u0026atilde;o Jo\u0026atilde;o, Tricolor Alecriense, Bom Sucesso do Saco Torto, PSG do Adique e Borussia do Alecrim.\u003Cbr \/\u003E\u0026nbsp;\u003Cbr \/\u003EUm breve v\u0026iacute;deo contando a trajet\u0026oacute;ria do saudoso Jos\u0026eacute; Luiz de Oliveira e diversos depoimentos, emocionaram todos os familiares e p\u0026uacute;blico presente. A hist\u0026oacute;ria de vida de um verdadeiro apaixonado e grande incentivador do esporte malhadorense foi contada por sua irm\u0026atilde; Maria Laudilene.\u003Cbr \/\u003E\u0026nbsp;\u003Cbr \/\u003E\u0026ldquo;Jos\u0026eacute; Luiz do Finado Luizinho da Padaria, como era conhecido, era um apaixonado pelo esporte, desde crian\u0026ccedil;a j\u0026aacute; gostava de jogar bola. Ele era atacante, goleiro jogava em todas as posi\u0026ccedil;\u0026otilde;es, estar no gramado era motivo de grande alegria para ele, falar em Jos\u0026eacute; Luiz, \u0026eacute; falar em futebol. Quero agradecer, em nome de toda fam\u0026iacute;lia, ao prefeito de Malhador, Assisinho e todos que comp\u0026otilde;e sua gest\u0026atilde;o pela bel\u0026iacute;ssima homenagem prestada, para n\u0026oacute;s \u0026eacute; motivo de muita alegria e emo\u0026ccedil;\u0026atilde;o.\u0026rdquo; explanou Maria Laudilene irm\u0026atilde; do homenageado.\u003C\/p\u003E","publicacao":"2022-01-24 11:36:50","criado":"2022-01-24 11:36:50","alterado":"2022-01-24 11:36:50"}]},"pergunta":{"paginacao":{"atual":1,"proxima":0,"anterior":0,"total_registros":0,"total_paginas":1},"itens":[]},"relatorio":{"paginacao":{"atual":1,"proxima":2,"anterior":0,"total_registros":26,"total_paginas":7},"itens":[{"id":200,"nome":"VACINADOS COVID-19 07 DE JUNHO DE 2021","slug":"vacinados-covid-19-07-de-junho-de-2021","arquivo":"07-vacinados-dia-07-de-junho_351f60b9df199559d59274821.pdf","link":"\/download\/07-vacinados-dia-07-de-junho_351f60b9df199559d59274821.pdf","mimetype":"application\/pdf","ext":"pdf","categoria_id":17,"categoria":{"id":17,"nome":"Vacinados","slug":"vacinados"},"publicado":"2021-06-08 07:25:31","criado":"2021-06-24 07:25:31","alterado":"2021-06-24 07:25:31"},{"id":199,"nome":"VACINADOS COVID-19 02 E 09 DE JUNHO DE 2021","slug":"vacinados-covid-19-02-e-09-de-junho-de-2021","arquivo":"06-vavinados-covid-de-2-a-09-de-junho_c821f15c98907c463779ce3f6.pdf","link":"\/download\/06-vavinados-covid-de-2-a-09-de-junho_c821f15c98907c463779ce3f6.pdf","mimetype":"application\/pdf","ext":"pdf","categoria_id":17,"categoria":{"id":17,"nome":"Vacinados","slug":"vacinados"},"publicado":"2021-06-10 07:24:59","criado":"2021-06-24 07:24:59","alterado":"2021-06-24 07:24:59"},{"id":198,"nome":"VACINADOS COVID-19 01 DE JUNHO DE 2021","slug":"vacinados-covid-19-01-de-junho-de-2021","arquivo":"05-vacinados-covid-dia-01-de-junho_a60b7448dd4d5153ef0c24cdee.pdf","link":"\/download\/05-vacinados-covid-dia-01-de-junho_a60b7448dd4d5153ef0c24cdee.pdf","mimetype":"application\/pdf","ext":"pdf","categoria_id":17,"categoria":{"id":17,"nome":"Vacinados","slug":"vacinados"},"publicado":"2021-06-02 07:24:12","criado":"2021-06-24 07:24:12","alterado":"2021-06-24 07:24:12"},{"id":196,"nome":"VACINADOS COVID-19 24, 25 E 26 DE MAIO 2021","slug":"vacinados-covid-19-24-25-e-26-de-maio-2021","arquivo":"03-vacinados-covid-dia-24-25-e-26-de-maio_450511f5b4322cdd4f8bedc.pdf","link":"\/download\/03-vacinados-covid-dia-24-25-e-26-de-maio_450511f5b4322cdd4f8bedc.pdf","mimetype":"application\/pdf","ext":"pdf","categoria_id":17,"categoria":{"id":17,"nome":"Vacinados","slug":"vacinados"},"publicado":"2021-05-27 07:22:55","criado":"2021-06-24 07:22:55","alterado":"2021-06-24 07:22:55"}]},"video":{"paginacao":{"atual":1,"proxima":0,"anterior":0,"total_registros":0,"total_paginas":1},"itens":[]},"texto":{"paginacao":{"atual":1,"proxima":0,"anterior":0,"total_registros":0,"total_paginas":1},"itens":[]},"turismo":{"paginacao":{"atual":1,"proxima":0,"anterior":0,"total_registros":0,"total_paginas":1},"itens":[]},"informacao":{"paginacao":{"atual":1,"proxima":0,"anterior":0,"total_registros":1,"total_paginas":1},"itens":[{"id":58,"titulo":"COVID-19","slug":"covid-19","icone":"fas fa-first-aid","url":"https:\/\/malhador.se.gov.br\/pandemia\/","criado":"2023-06-26 14:49:50","alterado":"2023-06-26 14:49:50"}]}},"categoria":"licitacao","limite":4,"key":"covid","local":null}