{"categorias":[{"id":4,"nome":"Balancetes","slug":"balancetes","criado":"2021-03-17 15:23:14","alterado":"2021-03-17 15:23:14"},{"id":31,"nome":"Balan\u00e7o Financeiro","slug":"balanco-financeiro","criado":"2024-05-09 15:40:41","alterado":"2024-05-09 15:40:50"},{"id":29,"nome":"Balan\u00e7o Or\u00e7ament\u00e1rio","slug":"balanco-orcamentario","criado":"2024-05-09 15:40:02","alterado":"2024-05-09 15:40:02"},{"id":30,"nome":"Balan\u00e7o Patrimonial","slug":"balanco-patrimonial","criado":"2024-05-09 15:40:31","alterado":"2024-05-09 15:40:31"},{"id":32,"nome":"Demonstrativo das Varia\u00e7\u00f5es Patrimoniais","slug":"demonstrativo-das-variacoes-patrimoniais","criado":"2024-05-09 15:41:04","alterado":"2024-05-09 15:41:04"},{"id":27,"nome":"D\u00edvida Ativa","slug":"divida-ativa","criado":"2023-07-14 16:18:14","alterado":"2025-05-20 10:50:58"},{"id":34,"nome":"Esp\u00e9cies de Desonera\u00e7\u00f5es Concedidas","slug":"especies-de-desoneracoes-concedidas","criado":"2025-05-23 16:37:28","alterado":"2025-05-23 16:37:28"},{"id":33,"nome":"Inteiro Teor","slug":"inteiro-teor","criado":"2025-05-19 14:47:13","alterado":"2025-05-19 14:47:13"},{"id":26,"nome":"INTEIRO TEOR CONV\u00caNIOS E PARCERIAS","slug":"inteiro-teor-convenios-e-parcerias","criado":"2023-07-03 09:04:42","alterado":"2025-05-19 14:46:07"},{"id":19,"nome":"Lista de Quantitativos de Cargos","slug":"lista-de-quantitativos-de-cargos","criado":"2021-06-18 11:41:28","alterado":"2023-06-28 14:49:35"},{"id":16,"nome":"Patrim\u00f4nio","slug":"patrimonio","criado":"2021-04-07 16:41:06","alterado":"2021-04-07 16:41:06"},{"id":28,"nome":"Plano de Contrata\u00e7\u00e3o Anual - PCA","slug":"plano-de-contratacao-anual-pca","criado":"2023-10-10 10:25:32","alterado":"2023-10-10 10:25:32"},{"id":20,"nome":"RELAT\u00d3RIO DE GEST\u00c3O ANUAL - ASSIST\u00caNCIA","slug":"relatorio-de-gestao-anual-assistencia","criado":"2022-04-26 12:26:25","alterado":"2024-04-23 12:21:18"},{"id":9,"nome":"RELAT\u00d3RIO DE GEST\u00c3O ANUAL - PREFEITURA","slug":"relatorio-de-gestao-anual-prefeitura","criado":"2021-03-17 15:23:55","alterado":"2024-05-09 15:24:44"},{"id":21,"nome":"RELAT\u00d3RIO DE GEST\u00c3O ANUAL - SA\u00daDE","slug":"relatorio-de-gestao-anual-saude","criado":"2022-04-26 12:26:37","alterado":"2024-04-23 12:21:17"},{"id":18,"nome":"Relat\u00f3rio Trimestral de Auditoria - RAT","slug":"relatorio-trimestral-de-auditoria-rat","criado":"2021-04-30 12:36:42","alterado":"2023-06-28 14:50:27"},{"id":13,"nome":"Relat\u00f3rios da Sa\u00fade","slug":"relatorios-da-saude","criado":"2021-03-17 15:24:35","alterado":"2021-03-17 15:24:35"},{"id":14,"nome":"Relat\u00f3rios Fundeb","slug":"relatorios-fundeb","criado":"2021-03-17 15:24:45","alterado":"2021-03-17 15:24:45"},{"id":15,"nome":"Relat\u00f3rios MDE","slug":"relatorios-mde","criado":"2021-03-17 15:24:55","alterado":"2021-03-17 15:24:55"},{"id":17,"nome":"Vacinados","slug":"vacinados","criado":"2021-04-22 12:07:46","alterado":"2021-04-22 12:07:46"}],"categoria":null,"anos":["2026","2025","2024","2023","2022","2021","2020","2019","2018","2017","2014"],"ano":null,"paginacao":{"atual":2,"proxima":3,"anterior":1,"total_registros":234,"total_paginas":16},"itens":[{"id":259,"nome":"RELAT\u00d3RIO DE GEST\u00c3O SECRETARIA MUNICIPAL DE SA\u00daDE MALHADOR\/SE ANO 2023","slug":"relatorio-de-gestao-secretaria-municipal-de-saude-malhador-se-ano-2023","arquivo":"relatorio-de-gestao-fms-2023_a91b5ef55aeb61a9563e4be8.pdf","link":"\/download\/relatorio-de-gestao-fms-2023_a91b5ef55aeb61a9563e4be8.pdf","mimetype":"application\/pdf","ext":"pdf","categoria_id":13,"categoria":{"id":13,"nome":"Relat\u00f3rios da Sa\u00fade","slug":"relatorios-da-saude"},"publicado":"2024-04-23 12:20:36","descricao":"RELAT\u00d3RIO DE GEST\u00c3O\r\nSECRETARIA MUNICIPAL DE SA\u00daDE\r\nMALHADOR\/SE ANO 2023","criado":"2024-04-23 12:20:36","alterado":"2024-04-23 12:20:36"},{"id":262,"nome":"TERMO DE COOPERA\u00c7\u00c3O DESO  03\/2024","slug":"termo-de-cooperacao-deso-03-2024","arquivo":"termo-de-cooperacao-deso-032024_79a4498cc5f39809ba413.pdf","link":"\/download\/termo-de-cooperacao-deso-032024_79a4498cc5f39809ba413.pdf","mimetype":"application\/pdf","ext":"pdf","categoria_id":26,"categoria":{"id":26,"nome":"INTEIRO TEOR CONV\u00caNIOS E PARCERIAS","slug":"inteiro-teor-convenios-e-parcerias"},"publicado":"2024-04-08 16:41:59","criado":"2024-05-08 16:41:59","alterado":"2024-05-08 16:41:59"},{"id":263,"nome":"RELAT\u00d3RIO DE GEST\u00c3O FUNDO MUNICIPAL DE SA\u00daDE 2023","slug":"relatorio-de-gestao-fundo-municipal-de-saude-2023","arquivo":"relatorio-de-gestao-fms-2023-1_1ee06a8fedb3da664b5946f.pdf","link":"\/download\/relatorio-de-gestao-fms-2023-1_1ee06a8fedb3da664b5946f.pdf","mimetype":"application\/pdf","ext":"pdf","categoria_id":21,"categoria":{"id":21,"nome":"RELAT\u00d3RIO DE GEST\u00c3O ANUAL - SA\u00daDE","slug":"relatorio-de-gestao-anual-saude"},"publicado":"2024-04-02 15:05:43","criado":"2024-05-09 15:05:43","alterado":"2024-05-09 15:05:43"},{"id":289,"nome":"TERMO DE CONV\u00caNIO N\u00b0001\/2024","slug":"termo-de-convenio-n0001-2024","arquivo":"convenio-01-2024_82eb55dcaf04f1d37748791e.pdf","link":"\/download\/convenio-01-2024_82eb55dcaf04f1d37748791e.pdf","mimetype":"application\/pdf","ext":"pdf","categoria_id":26,"categoria":{"id":26,"nome":"INTEIRO TEOR CONV\u00caNIOS E PARCERIAS","slug":"inteiro-teor-convenios-e-parcerias"},"publicado":"2024-04-01 16:38:03","descricao":"\u003Cp\u003ECONV\u0026Ecirc;NIO QUE ENTRE SI CELEBRAM O PODER EXECUTIVO MUNICIPAL, POR INTRM\u0026Eacute;DIO DO MUNIC\u0026Iacute;PIO DE MALHADOR SERGIPE E A UNI\u0026Atilde;O FEDERAL, POR INTERM\u0026Eacute;DIO DO CONSELHO REGIONAL DE ENGENHARIA E AGRONOMIA DE SERGIPE CREA\/SE, OBJETIVANDO A DEFINI\u0026Ccedil;\u0026Atilde;O DE PROCEDIMENTOS PARA REEMBOLSO DAS DESPESAS EFETUADAS COM PAGAMENTO DE REMUNERA\u0026Ccedil;\u0026Atilde;O AOS SERVIDORES CEDIDOS.\u0026nbsp;\u003C\/p\u003E","criado":"2025-05-19 14:56:14","alterado":"2025-05-19 16:38:03"},{"id":291,"nome":"TERMO DE ADES\u00c3O PROGRAMA ALFABETIZAR PRA VALER 2024","slug":"termo-de-adesao-programa-alfabetizar-pra-valer-2024","arquivo":"termo-de-adesa-o-alfabetizac-a-o-papv-saese-1_2e7f0bb81be0110d54792.pdf","link":"\/download\/termo-de-adesa-o-alfabetizac-a-o-papv-saese-1_2e7f0bb81be0110d54792.pdf","mimetype":"application\/pdf","ext":"pdf","categoria_id":26,"categoria":{"id":26,"nome":"INTEIRO TEOR CONV\u00caNIOS E PARCERIAS","slug":"inteiro-teor-convenios-e-parcerias"},"publicado":"2024-01-16 16:36:26","descricao":"\u003Cp\u003ETERMO DE ADES\u0026Atilde;O PROGRAMA ALFABETIZAR PRA VALER E SISTEMA DE AVALIA\u0026Ccedil;\u0026Atilde;O DA EDUCA\u0026Ccedil;\u0026Atilde;O B\u0026Aacute;SICA DE SERGIPE\u003C\/p\u003E","criado":"2025-05-19 16:33:03","alterado":"2025-05-19 16:36:26"},{"id":281,"nome":"Rela\u00e7\u00e3o de Devedores 2023","slug":"relacao-de-devedores-2023","arquivo":"relacao-divida-ativa-2023_973a0a766d4669e64c69486b005.pdf","link":"\/download\/relacao-divida-ativa-2023_973a0a766d4669e64c69486b005.pdf","mimetype":"application\/pdf","ext":"pdf","categoria_id":27,"categoria":{"id":27,"nome":"D\u00edvida Ativa","slug":"divida-ativa"},"publicado":"2023-12-31 16:58:45","descricao":"\u003Ch6\u003EExportar dados em .xlsx\u003C\/h6\u003E\r\n\u003Cp\u003E\u003Cspan style=\u0022font-size: 8pt;\u0022\u003E\u003Ca title=\u0022RELA\u0026Ccedil;\u0026Atilde;O DIVIDA ATIVA 2023\u0022 href=\u0022https:\/\/malhador.se.gov.br\/download\/relacao-divida-ativa-2023_b6cb8613a15a7538ef050e6820f8f.csv\u0022 target=\u0022_blank\u0022 rel=\u0022noopener\u0022\u003ERELA\u0026Ccedil;\u0026Atilde;O DIVIDA ATIVA 2023\u003C\/a\u003E\u003C\/span\u003E\u003C\/p\u003E","criado":"2024-05-10 12:03:27","alterado":"2024-07-18 16:58:45"},{"id":280,"nome":"Balan\u00e7o financeiro 2023","slug":"balanco-financeiro-2023","arquivo":"16-balanco-financeiro2_bfb62615dd0e2d1862d1a8.pdf","link":"\/download\/16-balanco-financeiro2_bfb62615dd0e2d1862d1a8.pdf","mimetype":"application\/pdf","ext":"pdf","categoria_id":31,"categoria":{"id":31,"nome":"Balan\u00e7o Financeiro","slug":"balanco-financeiro"},"publicado":"2023-12-31 15:57:41","criado":"2024-05-09 15:57:41","alterado":"2024-05-09 15:57:41"},{"id":279,"nome":"Balan\u00e7o Patrimonial 2023","slug":"balanco-patrimonial-2023","arquivo":"17-balanco-patrimonial2_075310f685b242d0eeb66ffc0e.pdf","link":"\/download\/17-balanco-patrimonial2_075310f685b242d0eeb66ffc0e.pdf","mimetype":"application\/pdf","ext":"pdf","categoria_id":30,"categoria":{"id":30,"nome":"Balan\u00e7o Patrimonial","slug":"balanco-patrimonial"},"publicado":"2023-12-31 15:57:09","criado":"2024-05-09 15:57:09","alterado":"2024-05-09 15:57:09"},{"id":278,"nome":"Demonstrativo das Varia\u00e7\u00f5es Patrimoniais 2023","slug":"demonstrativo-das-variacoes-patrimoniais-2023","arquivo":"20-demonstrativo-das-variacoes-patrimoniais2_f0154a2404c91403871fd63.pdf","link":"\/download\/20-demonstrativo-das-variacoes-patrimoniais2_f0154a2404c91403871fd63.pdf","mimetype":"application\/pdf","ext":"pdf","categoria_id":32,"categoria":{"id":32,"nome":"Demonstrativo das Varia\u00e7\u00f5es Patrimoniais","slug":"demonstrativo-das-variacoes-patrimoniais"},"publicado":"2023-12-31 15:56:34","criado":"2024-05-09 15:56:34","alterado":"2024-05-09 15:56:34"},{"id":277,"nome":"Balan\u00e7o Or\u00e7ament\u00e1rio 2023","slug":"balanco-orcamentario-2023","arquivo":"balanco-orcamentario_f9a847f8c85259f7b52299bd.pdf","link":"\/download\/balanco-orcamentario_f9a847f8c85259f7b52299bd.pdf","mimetype":"application\/pdf","ext":"pdf","categoria_id":29,"categoria":{"id":29,"nome":"Balan\u00e7o Or\u00e7ament\u00e1rio","slug":"balanco-orcamentario"},"publicado":"2023-12-31 15:55:54","criado":"2024-05-09 15:55:54","alterado":"2024-05-09 15:55:54"},{"id":258,"nome":"PCA - 2024","slug":"pca-2024","arquivo":"pca_982197ef2db5256dfa53c16f85f.pdf","link":"\/download\/pca_982197ef2db5256dfa53c16f85f.pdf","mimetype":"application\/pdf","ext":"pdf","categoria_id":28,"categoria":{"id":28,"nome":"Plano de Contrata\u00e7\u00e3o Anual - PCA","slug":"plano-de-contratacao-anual-pca"},"publicado":"2023-10-11 12:36:05","criado":"2023-10-11 12:36:05","alterado":"2023-10-11 12:36:05"},{"id":257,"nome":"PCA - 2024","slug":"pca-2024","arquivo":"apznzaarcyro62rjj7-ndnxfy80vfdwkb-axcfg1vh-ijpnpx1nncq6qromvocpikazisbwzwyziisygwg7wbaambo5hg3tkdt5spwmvb66tmdjaac-y9fqcmtwvxvrpqibpxrdcuiihbrz1fo2geurozz4i4vzofn1gtxpzr-ofurl1kbkwpqb9whp7q6btwh1js0tun2kwihb8s3kg_2ebcae18b6181a80cea21a9.pdf","link":"\/download\/apznzaarcyro62rjj7-ndnxfy80vfdwkb-axcfg1vh-ijpnpx1nncq6qromvocpikazisbwzwyziisygwg7wbaambo5hg3tkdt5spwmvb66tmdjaac-y9fqcmtwvxvrpqibpxrdcuiihbrz1fo2geurozz4i4vzofn1gtxpzr-ofurl1kbkwpqb9whp7q6btwh1js0tun2kwihb8s3kg_2ebcae18b6181a80cea21a9.pdf","mimetype":"application\/pdf","ext":"pdf","categoria_id":28,"categoria":{"id":28,"nome":"Plano de Contrata\u00e7\u00e3o Anual - PCA","slug":"plano-de-contratacao-anual-pca"},"publicado":"2023-10-11 12:34:13","criado":"2023-10-11 12:34:13","alterado":"2023-10-11 12:34:13"},{"id":237,"nome":"REL\u00c1TORIO DE GEST\u00c3O - ANUAL SA\u00daDE  2022","slug":"relatorio-de-gestao-anual-saude-2022","arquivo":"relatorio-de-gestao-fundo-municipal-de-saude-2022_2beda75984dedf641f4cc9767.pdf","link":"\/download\/relatorio-de-gestao-fundo-municipal-de-saude-2022_2beda75984dedf641f4cc9767.pdf","mimetype":"application\/pdf","ext":"pdf","categoria_id":21,"categoria":{"id":21,"nome":"RELAT\u00d3RIO DE GEST\u00c3O ANUAL - SA\u00daDE","slug":"relatorio-de-gestao-anual-saude"},"publicado":"2023-04-13 15:16:50","criado":"2023-04-13 08:40:11","alterado":"2024-05-09 15:16:50"},{"id":238,"nome":"REL\u00c1TORIO DE GEST\u00c3O - ANUAL ASSIST\u00caNCIA SOCIAL 2022","slug":"relatorio-de-gestao-anual-assistencia-social-2022","arquivo":"relatorio-de-gestao-fundo-municipal-de-assistencia-social-malhador-2022-rotated-compressed-1_a67b96bf10c21edb2df625f1f4d3.pdf","link":"\/download\/relatorio-de-gestao-fundo-municipal-de-assistencia-social-malhador-2022-rotated-compressed-1_a67b96bf10c21edb2df625f1f4d3.pdf","mimetype":"application\/pdf","ext":"pdf","categoria_id":20,"categoria":{"id":20,"nome":"RELAT\u00d3RIO DE GEST\u00c3O ANUAL - ASSIST\u00caNCIA","slug":"relatorio-de-gestao-anual-assistencia"},"publicado":"2023-04-13 15:15:37","criado":"2023-04-13 08:42:05","alterado":"2024-05-09 15:15:37"},{"id":239,"nome":"REL\u00c1TORIO DE GEST\u00c3O - ANUAL PREFEITURA  2022","slug":"relatorio-de-gestao-anual-prefeitura-2022","arquivo":"relatorio-de-gestao-prefeitura-de-malhador-2022_81952d86141bec0c231ac4dec7a.pdf","link":"\/download\/relatorio-de-gestao-prefeitura-de-malhador-2022_81952d86141bec0c231ac4dec7a.pdf","mimetype":"application\/pdf","ext":"pdf","categoria_id":9,"categoria":{"id":9,"nome":"RELAT\u00d3RIO DE GEST\u00c3O ANUAL - PREFEITURA","slug":"relatorio-de-gestao-anual-prefeitura"},"publicado":"2023-04-13 08:44:39","criado":"2023-04-13 08:44:39","alterado":"2023-04-13 08:44:39"}],"busca":null}