{"item":{"id":16,"titulo":"O Mundo da Crian\u00e7a foi montado na Pra\u00e7a de Eventos","thumb":"http:\/\/i.ytimg.com\/vi\/bdjA7J2Vsv0\/default.jpg,http:\/\/i.ytimg.com\/vi\/bdjA7J2Vsv0\/mqdefault.jpg,http:\/\/i.ytimg.com\/vi\/bdjA7J2Vsv0\/hqdefault.jpg,http:\/\/i.ytimg.com\/vi\/bdjA7J2Vsv0\/sddefault.jpg,http:\/\/i.ytimg.com\/vi\/bdjA7J2Vsv0\/maxresdefault.jpg","embed":"https:\/\/www.youtube.com\/embed\/bdjA7J2Vsv0","embedauto":"https:\/\/www.youtube.com\/embed\/bdjA7J2Vsv0?autoplay=1;mute=1","slug":"o-mundo-da-crianca-foi-montado-na-praca-de-eventos","descricao":"O Mundo da Crian\u00e7a foi montado na Pra\u00e7a de Eventos e atraiu centenas de crian\u00e7as, acompanhadas dos seus pais, para um dia de muita divers\u00e3o. O evento ocorreu na tarde da \u00faltima quinta-feira, 7 de outubro, e foi uma realiza\u00e7\u00e3o do programa Crian\u00e7a Feliz da Secretaria Municipal de Assist\u00eancia Social.\r\n\r\nA Prefeitura tr\u00e1s pra voc\u00ea a alegria da crian\u00e7ada que comemorou o Dia das Crian\u00e7as de forma antecipada. Confira no v\u00eddeo!\r\n\r\nMalhador Meu Amor \r\nPrefeitura Municipal","codigo":"bdjA7J2Vsv0","local":"youtube","criado":"2021-10-25 07:23:56","alterado":"2024-11-05 12:25:39"},"outros":[{"id":33,"titulo":"5 \u00aa edi\u00e7\u00e3o do Mundo da Crian\u00e7a","thumb":"http:\/\/i.ytimg.com\/vi\/sE3FnqhSJaM\/default.jpg,http:\/\/i.ytimg.com\/vi\/sE3FnqhSJaM\/mqdefault.jpg,http:\/\/i.ytimg.com\/vi\/sE3FnqhSJaM\/hqdefault.jpg,http:\/\/i.ytimg.com\/vi\/sE3FnqhSJaM\/sddefault.jpg,http:\/\/i.ytimg.com\/vi\/sE3FnqhSJaM\/maxresdefault.jpg","embed":"https:\/\/www.youtube.com\/embed\/sE3FnqhSJaM","embedauto":"https:\/\/www.youtube.com\/embed\/sE3FnqhSJaM?autoplay=1;mute=1","slug":"5-a-edicao-do-mundo-da-crianca","codigo":"sE3FnqhSJaM","local":"youtube","criado":"2025-10-13 12:48:01","alterado":"2025-10-13 12:48:01"},{"id":32,"titulo":"Curso de casqueamento de equinos","thumb":"http:\/\/i.ytimg.com\/vi\/x7rrVCzTVn8\/default.jpg,http:\/\/i.ytimg.com\/vi\/x7rrVCzTVn8\/mqdefault.jpg,http:\/\/i.ytimg.com\/vi\/x7rrVCzTVn8\/hqdefault.jpg,http:\/\/i.ytimg.com\/vi\/x7rrVCzTVn8\/sddefault.jpg,http:\/\/i.ytimg.com\/vi\/x7rrVCzTVn8\/maxresdefault.jpg","embed":"https:\/\/www.youtube.com\/embed\/x7rrVCzTVn8","embedauto":"https:\/\/www.youtube.com\/embed\/x7rrVCzTVn8?autoplay=1;mute=1","slug":"curso-de-casqueamento-de-equinos","codigo":"x7rrVCzTVn8","local":"youtube","criado":"2025-09-01 08:40:55","alterado":"2025-09-01 08:42:47"},{"id":31,"titulo":"Escuta p\u00fablica do Ciclo 2 da PNAB","thumb":"http:\/\/i.ytimg.com\/vi\/OD01tcaBY1Y\/default.jpg,http:\/\/i.ytimg.com\/vi\/OD01tcaBY1Y\/mqdefault.jpg,http:\/\/i.ytimg.com\/vi\/OD01tcaBY1Y\/hqdefault.jpg,http:\/\/i.ytimg.com\/vi\/OD01tcaBY1Y\/sddefault.jpg,http:\/\/i.ytimg.com\/vi\/OD01tcaBY1Y\/maxresdefault.jpg","embed":"https:\/\/www.youtube.com\/embed\/OD01tcaBY1Y","embedauto":"https:\/\/www.youtube.com\/embed\/OD01tcaBY1Y?autoplay=1;mute=1","slug":"escuta-publica-do-ciclo-2-da-pnab","codigo":"OD01tcaBY1Y","local":"youtube","criado":"2025-09-01 08:30:12","alterado":"2025-09-01 08:43:24"},{"id":30,"titulo":"Casamento dos Tabar\u00e9us 2025","thumb":"http:\/\/i.ytimg.com\/vi\/ulnsgKnWTwI\/default.jpg,http:\/\/i.ytimg.com\/vi\/ulnsgKnWTwI\/mqdefault.jpg,http:\/\/i.ytimg.com\/vi\/ulnsgKnWTwI\/hqdefault.jpg,http:\/\/i.ytimg.com\/vi\/ulnsgKnWTwI\/sddefault.jpg,http:\/\/i.ytimg.com\/vi\/ulnsgKnWTwI\/maxresdefault.jpg","embed":"https:\/\/www.youtube.com\/embed\/ulnsgKnWTwI","embedauto":"https:\/\/www.youtube.com\/embed\/ulnsgKnWTwI?autoplay=1;mute=1","slug":"casamento-dos-tabareus-2025","codigo":"ulnsgKnWTwI","local":"youtube","criado":"2025-07-23 08:38:00","alterado":"2025-07-23 08:38:00"}]}