{"item":{"id":17,"titulo":"Encerramento do Outubro Rosa em Malhador 2021","thumb":"http:\/\/i.ytimg.com\/vi\/bCLf2hSqNo0\/default.jpg,http:\/\/i.ytimg.com\/vi\/bCLf2hSqNo0\/mqdefault.jpg,http:\/\/i.ytimg.com\/vi\/bCLf2hSqNo0\/hqdefault.jpg,http:\/\/i.ytimg.com\/vi\/bCLf2hSqNo0\/sddefault.jpg,http:\/\/i.ytimg.com\/vi\/bCLf2hSqNo0\/maxresdefault.jpg","embed":"https:\/\/www.youtube.com\/embed\/bCLf2hSqNo0","embedauto":"https:\/\/www.youtube.com\/embed\/bCLf2hSqNo0?autoplay=1;mute=1","slug":"encerramento-do-outubro-rosa-em-malhador-2021","descricao":"A Prefeitura Municipal de Malhador realizou, na manh\u00e3 do \u00faltimo dia 29 de outubro, o encerramento do Outubro Rosa, m\u00eas de conscientiza\u00e7\u00e3o e combate ao c\u00e2ncer de mama. As a\u00e7\u00f5es voltadas \u00e0s mulheres malhadorenses foram realizadas em todas as unidades de sa\u00fade do munic\u00edpio, sendo encerrada com uma manh\u00e3 festiva na Cl\u00ednica de Sa\u00fade da Fam\u00edlia Padre Ant\u00f4nio Rezende.\r\n\r\nMalhador Meu Amor\r\nPrefeitura Municipal","codigo":"bCLf2hSqNo0","local":"youtube","criado":"2021-11-04 12:03:04","alterado":"2024-11-05 12:25:38"},"outros":[{"id":33,"titulo":"5 \u00aa edi\u00e7\u00e3o do Mundo da Crian\u00e7a","thumb":"http:\/\/i.ytimg.com\/vi\/sE3FnqhSJaM\/default.jpg,http:\/\/i.ytimg.com\/vi\/sE3FnqhSJaM\/mqdefault.jpg,http:\/\/i.ytimg.com\/vi\/sE3FnqhSJaM\/hqdefault.jpg,http:\/\/i.ytimg.com\/vi\/sE3FnqhSJaM\/sddefault.jpg,http:\/\/i.ytimg.com\/vi\/sE3FnqhSJaM\/maxresdefault.jpg","embed":"https:\/\/www.youtube.com\/embed\/sE3FnqhSJaM","embedauto":"https:\/\/www.youtube.com\/embed\/sE3FnqhSJaM?autoplay=1;mute=1","slug":"5-a-edicao-do-mundo-da-crianca","codigo":"sE3FnqhSJaM","local":"youtube","criado":"2025-10-13 12:48:01","alterado":"2025-10-13 12:48:01"},{"id":32,"titulo":"Curso de casqueamento de equinos","thumb":"http:\/\/i.ytimg.com\/vi\/x7rrVCzTVn8\/default.jpg,http:\/\/i.ytimg.com\/vi\/x7rrVCzTVn8\/mqdefault.jpg,http:\/\/i.ytimg.com\/vi\/x7rrVCzTVn8\/hqdefault.jpg,http:\/\/i.ytimg.com\/vi\/x7rrVCzTVn8\/sddefault.jpg,http:\/\/i.ytimg.com\/vi\/x7rrVCzTVn8\/maxresdefault.jpg","embed":"https:\/\/www.youtube.com\/embed\/x7rrVCzTVn8","embedauto":"https:\/\/www.youtube.com\/embed\/x7rrVCzTVn8?autoplay=1;mute=1","slug":"curso-de-casqueamento-de-equinos","codigo":"x7rrVCzTVn8","local":"youtube","criado":"2025-09-01 08:40:55","alterado":"2025-09-01 08:42:47"},{"id":31,"titulo":"Escuta p\u00fablica do Ciclo 2 da PNAB","thumb":"http:\/\/i.ytimg.com\/vi\/OD01tcaBY1Y\/default.jpg,http:\/\/i.ytimg.com\/vi\/OD01tcaBY1Y\/mqdefault.jpg,http:\/\/i.ytimg.com\/vi\/OD01tcaBY1Y\/hqdefault.jpg,http:\/\/i.ytimg.com\/vi\/OD01tcaBY1Y\/sddefault.jpg,http:\/\/i.ytimg.com\/vi\/OD01tcaBY1Y\/maxresdefault.jpg","embed":"https:\/\/www.youtube.com\/embed\/OD01tcaBY1Y","embedauto":"https:\/\/www.youtube.com\/embed\/OD01tcaBY1Y?autoplay=1;mute=1","slug":"escuta-publica-do-ciclo-2-da-pnab","codigo":"OD01tcaBY1Y","local":"youtube","criado":"2025-09-01 08:30:12","alterado":"2025-09-01 08:43:24"},{"id":30,"titulo":"Casamento dos Tabar\u00e9us 2025","thumb":"http:\/\/i.ytimg.com\/vi\/ulnsgKnWTwI\/default.jpg,http:\/\/i.ytimg.com\/vi\/ulnsgKnWTwI\/mqdefault.jpg,http:\/\/i.ytimg.com\/vi\/ulnsgKnWTwI\/hqdefault.jpg,http:\/\/i.ytimg.com\/vi\/ulnsgKnWTwI\/sddefault.jpg,http:\/\/i.ytimg.com\/vi\/ulnsgKnWTwI\/maxresdefault.jpg","embed":"https:\/\/www.youtube.com\/embed\/ulnsgKnWTwI","embedauto":"https:\/\/www.youtube.com\/embed\/ulnsgKnWTwI?autoplay=1;mute=1","slug":"casamento-dos-tabareus-2025","codigo":"ulnsgKnWTwI","local":"youtube","criado":"2025-07-23 08:38:00","alterado":"2025-07-23 08:38:00"}]}